{"id":106582,"date":"2022-06-29T15:48:47","date_gmt":"2022-06-29T18:48:47","guid":{"rendered":"https:\/\/www.locoxelrojo.com\/independiente\/?p=106582"},"modified":"2022-06-29T15:48:47","modified_gmt":"2022-06-29T18:48:47","slug":"sonora-a-la-par","status":"publish","type":"post","link":"https:\/\/www.locoxelrojo.com\/independiente\/2022\/06\/29\/sonora-a-la-par\/","title":{"rendered":"Con So\u00f1ora a la par"},"content":{"rendered":"<p><strong>El plantel profesional de Independiente se entren\u00f3<\/strong> en Villa Dom\u00ednico y dej\u00f3 en el pasado la <a href=\"https:\/\/www.locoxelrojo.com\/independiente\/2022\/06\/27\/vergonzoso-partido-de-independiente-en-parana\/\">derrota ante Patronato<\/a>.<strong> La buena noticia fue que Alan So\u00f1ora se movi\u00f3 a la par del grupo,<\/strong> mientras que <strong>Tom\u00e1s Pozzo est\u00e1 muy cerca de hacerlo.<\/strong><\/p>\n<p>Luego de varias semanas, <strong>So\u00f1ora pudo practicar con normalidad<\/strong> y<strong> super\u00f3 la molestia en su rodilla derecha<\/strong>. El volante tuvo que ser reemplazado en el <strong>entretiempo del partido con Argentinos Juniors<\/strong> y, desde ese momento, se movi\u00f3 de manera diferenciada.<\/p>\n<p>Por otra parte, <strong>Pozzo acelera en su recuperaci\u00f3n<\/strong> y realiz\u00f3 tareas f\u00edsicas de <strong>reacondicionamiento para reintegrarse al grupo.<\/strong> Toto <strong>no juega desde la primera fecha<\/strong> de la Liga Profesional ante San Lorenzo, donde recibi\u00f3 una fuerte patada y<strong> sali\u00f3 lesionado en su tobillo.<\/strong><\/p>\n<p>Durante la pr\u00e1ctica, <strong>los futbolistas que jugaron<\/strong> ante el Patr\u00f3n <strong>trabajaron en el gimnasio<\/strong> y completaron un <strong>circuito f\u00edsico en campo.<\/strong> Mientras tanto, <strong>el resto<\/strong> del equipo hizo un <strong>circuito de fuerza din\u00e1mica en cancha, ejercicios t\u00e9cnico-t\u00e1cticos y combinaciones ofensivas.<\/strong><\/p>\n<p>El conjunto de Eduardo Dom\u00ednguez <strong>volver\u00e1 a entrenarse el jueves por la ma\u00f1ana<\/strong> y continuar\u00e1 preparando el cruce con el Calamar.<\/p>\n","protected":false},"excerpt":{"rendered":"<p>El plantel profesional de Independiente se entren\u00f3 en Villa Dom\u00ednico y dej\u00f3 en el pasado la derrota ante Patronato. La buena noticia fue que Alan So\u00f1ora se movi\u00f3 a la par del grupo, mientras que Tom\u00e1s Pozzo est\u00e1 muy cerca de hacerlo. Luego de varias semanas, So\u00f1ora pudo practicar con normalidad y super\u00f3 la molestia [&hellip;]<\/p>\n","protected":false},"author":101029,"featured_media":106225,"comment_status":"open","ping_status":"closed","sticky":false,"template":"","format":"standard","meta":{"_links_to":"","_links_to_target":""},"categories":[3247,3],"tags":[4121,153,4255,172],"_links":{"self":[{"href":"https:\/\/www.locoxelrojo.com\/independiente\/wp-json\/wp\/v2\/posts\/106582"}],"collection":[{"href":"https:\/\/www.locoxelrojo.com\/independiente\/wp-json\/wp\/v2\/posts"}],"about":[{"href":"https:\/\/www.locoxelrojo.com\/independiente\/wp-json\/wp\/v2\/types\/post"}],"author":[{"embeddable":true,"href":"https:\/\/www.locoxelrojo.com\/independiente\/wp-json\/wp\/v2\/users\/101029"}],"replies":[{"embeddable":true,"href":"https:\/\/www.locoxelrojo.com\/independiente\/wp-json\/wp\/v2\/comments?post=106582"}],"version-history":[{"count":1,"href":"https:\/\/www.locoxelrojo.com\/independiente\/wp-json\/wp\/v2\/posts\/106582\/revisions"}],"predecessor-version":[{"id":106583,"href":"https:\/\/www.locoxelrojo.com\/independiente\/wp-json\/wp\/v2\/posts\/106582\/revisions\/106583"}],"wp:featuredmedia":[{"embeddable":true,"href":"https:\/\/www.locoxelrojo.com\/independiente\/wp-json\/wp\/v2\/media\/106225"}],"wp:attachment":[{"href":"https:\/\/www.locoxelrojo.com\/independiente\/wp-json\/wp\/v2\/media?parent=106582"}],"wp:term":[{"taxonomy":"category","embeddable":true,"href":"https:\/\/www.locoxelrojo.com\/independiente\/wp-json\/wp\/v2\/categories?post=106582"},{"taxonomy":"post_tag","embeddable":true,"href":"https:\/\/www.locoxelrojo.com\/independiente\/wp-json\/wp\/v2\/tags?post=106582"}],"curies":[{"name":"wp","href":"https:\/\/api.w.org\/{rel}","templated":true}]}}