{"id":106625,"date":"2022-07-02T18:21:57","date_gmt":"2022-07-02T21:21:57","guid":{"rendered":"https:\/\/www.locoxelrojo.com\/independiente\/?p=106625"},"modified":"2022-07-02T18:21:57","modified_gmt":"2022-07-02T21:21:57","slug":"con-una-cara-nueva-piensa-en-el-calamar","status":"publish","type":"post","link":"https:\/\/www.locoxelrojo.com\/independiente\/2022\/07\/02\/con-una-cara-nueva-piensa-en-el-calamar\/","title":{"rendered":"Con una cara nueva piensa en el Calamar"},"content":{"rendered":"<p><strong>Independiente tuvo una nueva jornada de entrenamiento pensando en el partido del lunes con Platense<\/strong>, a partir de las 21:30 en el estadio Libertadores de Am\u00e9rica &#8211; Ricardo Enrique Bochini.<\/p>\n<p>En el predio de Villa Dom\u00ednico, <strong>los jugadores realizaron movimientos de tenencia de pelota, circulaci\u00f3n, desmarques, pases entre l\u00edneas y definici\u00f3n.<\/strong> Luego, <strong>finalizaron con ejercicios t\u00e9cnico-t\u00e1cticos y f\u00fatbol en espacios reducidos.<\/strong><\/p>\n<p>La buena noticia para Eduardo Dom\u00ednguez es que ya pudo contar con el segundo refuerzo. <strong>Gabriel Hachen entren\u00f3 por primera vez junto al resto sus nuevos compa\u00f1eros<\/strong>. Adem\u00e1s, <a href=\"https:\/\/www.locoxelrojo.com\/independiente\/2022\/07\/02\/hachen-puso-la-firma\/\">tuvo su presentaci\u00f3n oficial y firm\u00f3 su contrato que lo vincula a Independiente por los pr\u00f3ximos 18 meses<\/a>.<\/p>\n<p>Este domingo por la tarde habr\u00e1 una nueva pr\u00e1ctica, donde <strong>Dom\u00ednguez comenzar\u00e1 a darle forma el equipo que saldr\u00e1 en cancha con el Calamar.<\/strong><\/p>\n","protected":false},"excerpt":{"rendered":"<p>Independiente tuvo una nueva jornada de entrenamiento pensando en el partido del lunes con Platense, a partir de las 21:30 en el estadio Libertadores de Am\u00e9rica &#8211; Ricardo Enrique Bochini. En el predio de Villa Dom\u00ednico, los jugadores realizaron movimientos de tenencia de pelota, circulaci\u00f3n, desmarques, pases entre l\u00edneas y definici\u00f3n. Luego, finalizaron con ejercicios [&hellip;]<\/p>\n","protected":false},"author":1,"featured_media":106626,"comment_status":"open","ping_status":"closed","sticky":false,"template":"","format":"standard","meta":{"_links_to":"","_links_to_target":""},"categories":[3247,3],"tags":[2207,26,5217,172],"_links":{"self":[{"href":"https:\/\/www.locoxelrojo.com\/independiente\/wp-json\/wp\/v2\/posts\/106625"}],"collection":[{"href":"https:\/\/www.locoxelrojo.com\/independiente\/wp-json\/wp\/v2\/posts"}],"about":[{"href":"https:\/\/www.locoxelrojo.com\/independiente\/wp-json\/wp\/v2\/types\/post"}],"author":[{"embeddable":true,"href":"https:\/\/www.locoxelrojo.com\/independiente\/wp-json\/wp\/v2\/users\/1"}],"replies":[{"embeddable":true,"href":"https:\/\/www.locoxelrojo.com\/independiente\/wp-json\/wp\/v2\/comments?post=106625"}],"version-history":[{"count":1,"href":"https:\/\/www.locoxelrojo.com\/independiente\/wp-json\/wp\/v2\/posts\/106625\/revisions"}],"predecessor-version":[{"id":106627,"href":"https:\/\/www.locoxelrojo.com\/independiente\/wp-json\/wp\/v2\/posts\/106625\/revisions\/106627"}],"wp:featuredmedia":[{"embeddable":true,"href":"https:\/\/www.locoxelrojo.com\/independiente\/wp-json\/wp\/v2\/media\/106626"}],"wp:attachment":[{"href":"https:\/\/www.locoxelrojo.com\/independiente\/wp-json\/wp\/v2\/media?parent=106625"}],"wp:term":[{"taxonomy":"category","embeddable":true,"href":"https:\/\/www.locoxelrojo.com\/independiente\/wp-json\/wp\/v2\/categories?post=106625"},{"taxonomy":"post_tag","embeddable":true,"href":"https:\/\/www.locoxelrojo.com\/independiente\/wp-json\/wp\/v2\/tags?post=106625"}],"curies":[{"name":"wp","href":"https:\/\/api.w.org\/{rel}","templated":true}]}}