{"id":106686,"date":"2022-07-04T23:30:37","date_gmt":"2022-07-05T02:30:37","guid":{"rendered":"https:\/\/www.locoxelrojo.com\/independiente\/?p=106686"},"modified":"2022-07-05T01:44:15","modified_gmt":"2022-07-05T04:44:15","slug":"dominguez-el-clasico-es-un-partido-que-nos-puede-marcar-fuerte","status":"publish","type":"post","link":"https:\/\/www.locoxelrojo.com\/independiente\/2022\/07\/04\/dominguez-el-clasico-es-un-partido-que-nos-puede-marcar-fuerte\/","title":{"rendered":"Dom\u00ednguez: &#8220;El cl\u00e1sico es un partido que nos puede marcar fuerte&#8221;"},"content":{"rendered":"<p><strong>Eduardo Dom\u00ednguez habl\u00f3 en conferencia de prensa luego de la<a href=\"https:\/\/www.locoxelrojo.com\/independiente\/2022\/07\/04\/independiente-perdio-ante-platense\/\"> derrota 3-1 ante Platense.<\/a><\/strong><\/p>\n<p>El entrenador comenz\u00f3: <strong>\u201cEs un golpe fuerte que nos dimos, principalmente por las formas. Hemos hecho un gran primer tiempo, podr\u00edamos haber ampliado el marcador. El golpe an\u00edmico del empate fue fuerte. El segundo tiempo no encontramos esa reacci\u00f3n que buscamos\u201d.<\/strong><\/p>\n<p>Sobre el cl\u00e1sico con Racing, manifest\u00f3:<strong> \u201cEstoy con tristeza, el pr\u00f3ximo partido es el cl\u00e1sico y sabemos lo que representa. Nos tenemos que levantar y ser fuertes, mostrar m\u00e1s \u00edmpetu para sobrellevar estos momentos. Lamentablemente nos toca irnos as\u00ed y esperar la previa de esta forma, es un partido que nos puede marcar fuerte\u201d<\/strong>.<\/p>\n<p>Luego, se mostr\u00f3 fuerte para continuar al frente del plantel: <strong>\u201cHay que aceptar la realidad, creo mucho en m\u00ed y se la capacidad que tengo. La situaci\u00f3n no me va a bajar lo que s\u00e9 que puedo dar. S\u00e9 c\u00f3mo se mueve el futbol y los tiempos que tiene. Si realmente el hincha cree que no estoy capacitado, se va a manifestar en contra m\u00edo, no del equipo&#8221;. <\/strong>Adem\u00e1s, sentenci\u00f3:<strong> &#8220;Cuando vine ac\u00e1 fue porque quise, sab\u00eda que uno de los escenarios probables era este, pero eleg\u00ed estar. Uno cuando quiere cambiar las cosas tiene que hacerlo desde adentro\u201d.<\/strong><\/p>\n<p><strong>\u201cSosa es un arquero de selecci\u00f3n, est\u00e1 luchando por ir al mundial. El error del otro d\u00eda se pag\u00f3 caro, tiene nuestro respaldo\u201d<\/strong> explic\u00f3 sobre la capitan\u00eda del uruguayo.<\/p>\n<p>Consultado por la disponibilidad de los nuevos refuerzos y de Ger\u00f3nimo Poblete, para el pr\u00f3ximo partido, contest\u00f3: <strong>\u201cNo sabr\u00eda que decirte. No estamos ajenos a lo que viene pasando. La necesidad de contar con refuerzos es clara. Hoy \u00e9ramos 6 en el banco. Es esperar, nada m\u00e1s\u201d.<\/strong><\/p>\n<p>Por \u00faltimo, Dom\u00ednguez cerr\u00f3: <strong>\u201cYa hemos estado hablando de como focalizarnos. Los \u00faltimos 5 goles que nos hacen son por errores nuestros, no hemos sido precisos y quedamos mal parados. Vamos a seguir cometiendo errores, como todos, pero debemos ser m\u00e1s temperamentales\u201d.<\/strong><\/p>\n","protected":false},"excerpt":{"rendered":"<p>Eduardo Dom\u00ednguez habl\u00f3 en conferencia de prensa luego de la derrota 3-1 ante Platense. El entrenador comenz\u00f3: \u201cEs un golpe fuerte que nos dimos, principalmente por las formas. Hemos hecho un gran primer tiempo, podr\u00edamos haber ampliado el marcador. El golpe an\u00edmico del empate fue fuerte. El segundo tiempo no encontramos esa reacci\u00f3n que buscamos\u201d. [&hellip;]<\/p>\n","protected":false},"author":101029,"featured_media":106687,"comment_status":"open","ping_status":"closed","sticky":false,"template":"","format":"standard","meta":{"_links_to":"","_links_to_target":""},"categories":[3247,3],"tags":[153,2207,5193,3398],"_links":{"self":[{"href":"https:\/\/www.locoxelrojo.com\/independiente\/wp-json\/wp\/v2\/posts\/106686"}],"collection":[{"href":"https:\/\/www.locoxelrojo.com\/independiente\/wp-json\/wp\/v2\/posts"}],"about":[{"href":"https:\/\/www.locoxelrojo.com\/independiente\/wp-json\/wp\/v2\/types\/post"}],"author":[{"embeddable":true,"href":"https:\/\/www.locoxelrojo.com\/independiente\/wp-json\/wp\/v2\/users\/101029"}],"replies":[{"embeddable":true,"href":"https:\/\/www.locoxelrojo.com\/independiente\/wp-json\/wp\/v2\/comments?post=106686"}],"version-history":[{"count":1,"href":"https:\/\/www.locoxelrojo.com\/independiente\/wp-json\/wp\/v2\/posts\/106686\/revisions"}],"predecessor-version":[{"id":106689,"href":"https:\/\/www.locoxelrojo.com\/independiente\/wp-json\/wp\/v2\/posts\/106686\/revisions\/106689"}],"wp:featuredmedia":[{"embeddable":true,"href":"https:\/\/www.locoxelrojo.com\/independiente\/wp-json\/wp\/v2\/media\/106687"}],"wp:attachment":[{"href":"https:\/\/www.locoxelrojo.com\/independiente\/wp-json\/wp\/v2\/media?parent=106686"}],"wp:term":[{"taxonomy":"category","embeddable":true,"href":"https:\/\/www.locoxelrojo.com\/independiente\/wp-json\/wp\/v2\/categories?post=106686"},{"taxonomy":"post_tag","embeddable":true,"href":"https:\/\/www.locoxelrojo.com\/independiente\/wp-json\/wp\/v2\/tags?post=106686"}],"curies":[{"name":"wp","href":"https:\/\/api.w.org\/{rel}","templated":true}]}}