{"id":106739,"date":"2022-07-06T12:46:29","date_gmt":"2022-07-06T15:46:29","guid":{"rendered":"https:\/\/www.locoxelrojo.com\/independiente\/?p=106739"},"modified":"2022-07-06T12:46:29","modified_gmt":"2022-07-06T15:46:29","slug":"sayago-fue-presentado-y-debuto-en-mexico","status":"publish","type":"post","link":"https:\/\/www.locoxelrojo.com\/independiente\/2022\/07\/06\/sayago-fue-presentado-y-debuto-en-mexico\/","title":{"rendered":"Sayago fue presentado y debut\u00f3 en M\u00e9xico"},"content":{"rendered":"<p><strong>David Sayago fue presentado oficialmente y tuvo su debut en el Raya2<\/strong>, la filial de Rayados de Monterrey que milita en la segunda divisi\u00f3n mexicana.<\/p>\n<blockquote class=\"twitter-tweet\" data-width=\"550\" data-dnt=\"true\">\n<p lang=\"es\" dir=\"ltr\">\ud83e\udd1d| \u00a1Hoy comienza tu historia con Raya2 Expansi\u00f3n, David Sayago! \ud83c\udde6\ud83c\uddf7\ud83e\udd20<\/p>\n<p>A dar lo mejor en cada partido, siempre <a href=\"https:\/\/twitter.com\/hashtag\/EnLaVidaYEnLaCancha?src=hash&amp;ref_src=twsrc%5Etfw\">#EnLaVidaYEnLaCancha<\/a>. \ud83d\udc99<\/p>\n<p>\ud83d\udd17<a href=\"https:\/\/t.co\/AW0YcHypra\">https:\/\/t.co\/AW0YcHypra<\/a><a href=\"https:\/\/twitter.com\/hashtag\/Raya2Expansi%C3%B3n?src=hash&amp;ref_src=twsrc%5Etfw\">#Raya2Expansi\u00f3n<\/a> \ud83d\udd35\ud83d\udfe0 <a href=\"https:\/\/t.co\/VrBsLcJjtl\">pic.twitter.com\/VrBsLcJjtl<\/a><\/p>\n<p>&mdash; Raya2 Expansi\u00f3n (@Raya2CFM) <a href=\"https:\/\/twitter.com\/Raya2CFM\/status\/1544389247104335872?ref_src=twsrc%5Etfw\">July 5, 2022<\/a><\/p><\/blockquote>\n<p><script async src=\"https:\/\/platform.twitter.com\/widgets.js\" charset=\"utf-8\"><\/script><\/p>\n<p>El ex Independiente <strong>fue titular y disput\u00f3 83 minutos<\/strong> en el <strong>triunfo 1-0<\/strong> de su equipo frente al Canc\u00fan FC, por la<strong> fecha 2 del certamen.<\/strong><\/p>\n<blockquote class=\"twitter-tweet\" data-width=\"550\" data-dnt=\"true\">\n<p lang=\"es\" dir=\"ltr\">\ud83d\udccb| <a href=\"https:\/\/twitter.com\/hospitalangeles?ref_src=twsrc%5Etfw\">@hospitalangeles<\/a> Valle Oriente presenta la alineaci\u00f3n para el partido de la Jornada 2\u20e3. \ud83d\udc99\ud83e\udd20<\/p>\n<p>\u00a1Y vamos los Raya\u270c\ud83c\udffb, hay que salir primero! \ud83d\udde3\ufe0f<a href=\"https:\/\/twitter.com\/hashtag\/Raya2Expansi%C3%B3n?src=hash&amp;ref_src=twsrc%5Etfw\">#Raya2Expansi\u00f3n<\/a> \ud83d\udd35\ud83d\udfe0 <a href=\"https:\/\/t.co\/2Mcx5q7O3H\">pic.twitter.com\/2Mcx5q7O3H<\/a><\/p>\n<p>&mdash; Raya2 Expansi\u00f3n (@Raya2CFM) <a href=\"https:\/\/twitter.com\/Raya2CFM\/status\/1544458229748465665?ref_src=twsrc%5Etfw\">July 5, 2022<\/a><\/p><\/blockquote>\n<p><script async src=\"https:\/\/platform.twitter.com\/widgets.js\" charset=\"utf-8\"><\/script><\/p>\n<p>El <strong>delantero de 22 a\u00f1os<\/strong>, surgido en el rojo, se fue a <strong>pr\u00e9stamo por 1 a\u00f1o sin cargo<\/strong> y con <strong>opci\u00f3n de compra de 700.000 d\u00f3lares por el 50%<\/strong> del pase. Adem\u00e1s, hay otra opci\u00f3n de <strong>1.200.000 d\u00f3lares por otro 30%<\/strong>.<\/p>\n<p>Sayago <strong>solo disput\u00f3 dos partidos con la camiseta del Rey de Copas:<\/strong> <a href=\"https:\/\/www.locoxelrojo.com\/independiente\/2021\/12\/12\/sayago-tuvo-su-debut-sobre-el-final\/\">ingres\u00f3 sobre el final<strong>\u00a0en el triunfo 2-1<\/strong><\/a> ante Talleres por la Liga Profesional 2021 y<strong> 1 minuto en el triunfo 1-0<\/strong> frente a Barracas por la Copa de la Liga 2022. En esos instantes,<strong> no pudo convertir ning\u00fan gol.<\/strong><\/p>\n","protected":false},"excerpt":{"rendered":"<p>David Sayago fue presentado oficialmente y tuvo su debut en el Raya2, la filial de Rayados de Monterrey que milita en la segunda divisi\u00f3n mexicana. \ud83e\udd1d| \u00a1Hoy comienza tu historia con Raya2 Expansi\u00f3n, David Sayago! \ud83c\udde6\ud83c\uddf7\ud83e\udd20 A dar lo mejor en cada partido, siempre #EnLaVidaYEnLaCancha. \ud83d\udc99 \ud83d\udd17https:\/\/t.co\/AW0YcHypra#Raya2Expansi\u00f3n \ud83d\udd35\ud83d\udfe0 pic.twitter.com\/VrBsLcJjtl &mdash; Raya2 Expansi\u00f3n (@Raya2CFM) July 5, [&hellip;]<\/p>\n","protected":false},"author":101030,"featured_media":106740,"comment_status":"open","ping_status":"closed","sticky":false,"template":"","format":"standard","meta":{"_links_to":"","_links_to_target":""},"categories":[2043,3247],"tags":[153,4796,5225],"_links":{"self":[{"href":"https:\/\/www.locoxelrojo.com\/independiente\/wp-json\/wp\/v2\/posts\/106739"}],"collection":[{"href":"https:\/\/www.locoxelrojo.com\/independiente\/wp-json\/wp\/v2\/posts"}],"about":[{"href":"https:\/\/www.locoxelrojo.com\/independiente\/wp-json\/wp\/v2\/types\/post"}],"author":[{"embeddable":true,"href":"https:\/\/www.locoxelrojo.com\/independiente\/wp-json\/wp\/v2\/users\/101030"}],"replies":[{"embeddable":true,"href":"https:\/\/www.locoxelrojo.com\/independiente\/wp-json\/wp\/v2\/comments?post=106739"}],"version-history":[{"count":1,"href":"https:\/\/www.locoxelrojo.com\/independiente\/wp-json\/wp\/v2\/posts\/106739\/revisions"}],"predecessor-version":[{"id":106741,"href":"https:\/\/www.locoxelrojo.com\/independiente\/wp-json\/wp\/v2\/posts\/106739\/revisions\/106741"}],"wp:featuredmedia":[{"embeddable":true,"href":"https:\/\/www.locoxelrojo.com\/independiente\/wp-json\/wp\/v2\/media\/106740"}],"wp:attachment":[{"href":"https:\/\/www.locoxelrojo.com\/independiente\/wp-json\/wp\/v2\/media?parent=106739"}],"wp:term":[{"taxonomy":"category","embeddable":true,"href":"https:\/\/www.locoxelrojo.com\/independiente\/wp-json\/wp\/v2\/categories?post=106739"},{"taxonomy":"post_tag","embeddable":true,"href":"https:\/\/www.locoxelrojo.com\/independiente\/wp-json\/wp\/v2\/tags?post=106739"}],"curies":[{"name":"wp","href":"https:\/\/api.w.org\/{rel}","templated":true}]}}