{"id":106797,"date":"2022-07-08T22:09:30","date_gmt":"2022-07-09T01:09:30","guid":{"rendered":"https:\/\/www.locoxelrojo.com\/independiente\/?p=106797"},"modified":"2022-07-08T22:09:30","modified_gmt":"2022-07-09T01:09:30","slug":"dominguez-piensa-algunos-cambios","status":"publish","type":"post","link":"https:\/\/www.locoxelrojo.com\/independiente\/2022\/07\/08\/dominguez-piensa-algunos-cambios\/","title":{"rendered":"\u00bfVa con estos once?"},"content":{"rendered":"<p><strong>De cara al cl\u00e1sico de Avellaneda, Eduardo Dom\u00ednguez prob\u00f3 un equipo con tres cambios<\/strong> respecto a la derrota ante Platense.<\/p>\n<p>La \u00fanica <strong>modificaci\u00f3n obligada<\/strong> es la de<strong> Leandro Benegas<\/strong>, que <a href=\"https:\/\/www.locoxelrojo.com\/independiente\/2022\/07\/06\/benegas-desgarrado\/\"><strong>sufri\u00f3 el desgarro del recto<\/strong> anterior del muslo derecho<\/a>. Al delantero<strong> lo reemplazar\u00e1 Chuky Ferreyra.<\/strong><\/p>\n<p>Tambi\u00e9n <strong>se meter\u00edan desde el inicio Joaqu\u00edn Laso y Dami\u00e1n Batallini,<\/strong> reemplazando a <strong>Juan Manuel Insaurralde y Leandro Fern\u00e1ndez.<\/strong> De todas maneras, <strong>no hay que descartar<\/strong> del todo al Chaco, adem\u00e1s de que <strong>podr\u00eda darse la inclusi\u00f3n de Gabriel Hachen<\/strong> desde el inicio.<\/p>\n<p>El probable once: <strong>Sebasti\u00e1n Sosa; Alex Vigo, Sergio Barreto, Laso, Lucas Rodr\u00edguez; Lucas Romero, Iv\u00e1n Marcone, Lucas Gonz\u00e1lez, Batallini, Ferreyra y Alan So\u00f1ora.<\/strong><\/p>\n<p>Durante la pr\u00e1ctica del s\u00e1bado, <strong>Dom\u00ednguez continuar\u00e1 probando diferentes nombres y esquemas,<\/strong> aunque seguramente <strong>aguarde hasta el \u00faltimo momento<\/strong> para confirmar la formaci\u00f3n titular <strong>que visitar\u00e1 a La Academia.<\/strong><\/p>\n","protected":false},"excerpt":{"rendered":"<p>De cara al cl\u00e1sico de Avellaneda, Eduardo Dom\u00ednguez prob\u00f3 un equipo con tres cambios respecto a la derrota ante Platense. La \u00fanica modificaci\u00f3n obligada es la de Leandro Benegas, que sufri\u00f3 el desgarro del recto anterior del muslo derecho. Al delantero lo reemplazar\u00e1 Chuky Ferreyra. Tambi\u00e9n se meter\u00edan desde el inicio Joaqu\u00edn Laso y Dami\u00e1n [&hellip;]<\/p>\n","protected":false},"author":101029,"featured_media":106798,"comment_status":"open","ping_status":"closed","sticky":false,"template":"","format":"standard","meta":{"_links_to":"","_links_to_target":""},"categories":[3247,3],"tags":[153,4294,2207,1093,4923],"_links":{"self":[{"href":"https:\/\/www.locoxelrojo.com\/independiente\/wp-json\/wp\/v2\/posts\/106797"}],"collection":[{"href":"https:\/\/www.locoxelrojo.com\/independiente\/wp-json\/wp\/v2\/posts"}],"about":[{"href":"https:\/\/www.locoxelrojo.com\/independiente\/wp-json\/wp\/v2\/types\/post"}],"author":[{"embeddable":true,"href":"https:\/\/www.locoxelrojo.com\/independiente\/wp-json\/wp\/v2\/users\/101029"}],"replies":[{"embeddable":true,"href":"https:\/\/www.locoxelrojo.com\/independiente\/wp-json\/wp\/v2\/comments?post=106797"}],"version-history":[{"count":1,"href":"https:\/\/www.locoxelrojo.com\/independiente\/wp-json\/wp\/v2\/posts\/106797\/revisions"}],"predecessor-version":[{"id":106799,"href":"https:\/\/www.locoxelrojo.com\/independiente\/wp-json\/wp\/v2\/posts\/106797\/revisions\/106799"}],"wp:featuredmedia":[{"embeddable":true,"href":"https:\/\/www.locoxelrojo.com\/independiente\/wp-json\/wp\/v2\/media\/106798"}],"wp:attachment":[{"href":"https:\/\/www.locoxelrojo.com\/independiente\/wp-json\/wp\/v2\/media?parent=106797"}],"wp:term":[{"taxonomy":"category","embeddable":true,"href":"https:\/\/www.locoxelrojo.com\/independiente\/wp-json\/wp\/v2\/categories?post=106797"},{"taxonomy":"post_tag","embeddable":true,"href":"https:\/\/www.locoxelrojo.com\/independiente\/wp-json\/wp\/v2\/tags?post=106797"}],"curies":[{"name":"wp","href":"https:\/\/api.w.org\/{rel}","templated":true}]}}