{"id":1068,"date":"2010-09-17T15:00:37","date_gmt":"2010-09-17T18:00:37","guid":{"rendered":"http:\/\/www.locoxelrojo.com.ar\/independiente\/?p=1068"},"modified":"2015-09-09T01:11:24","modified_gmt":"2015-09-09T04:11:24","slug":"18-concentrados","status":"publish","type":"post","link":"https:\/\/www.locoxelrojo.com\/independiente\/2010\/09\/17\/18-concentrados\/","title":{"rendered":"Concentrados vs. Banfield"},"content":{"rendered":"<p><a href=\"http:\/\/www.locoxelrojo.com.ar\/independiente\/wp-content\/uploads\/2010\/09\/players.jpg\"><img loading=\"lazy\" class=\"alignnone size-full wp-image-1069\" title=\"players\" src=\"http:\/\/www.locoxelrojo.com.ar\/independiente\/wp-content\/uploads\/2010\/09\/players.jpg\" alt=\"\" width=\"550\" height=\"315\" srcset=\"https:\/\/locoxelrojo.com\/independiente\/wp-content\/uploads\/2010\/09\/players.jpg 550w, https:\/\/locoxelrojo.com\/independiente\/wp-content\/uploads\/2010\/09\/players-300x171.jpg 300w\" sizes=\"(max-width: 550px) 100vw, 550px\" \/><\/a><\/p>\n<p>Ya est\u00e1n los concentrados. Garnero confirm\u00f3 a los 18 jugadores que utilizar\u00e1 este domingo en Banfield. Con respecto a las \u00faltimas listas quedan afuera Assmann (ya est\u00e1 recuperado Gabbarini) y Villafa\u00f1ez quien sufri\u00f3 una fractura en el quinto metatarsiano del pie izquierdo.<\/p>\n<p><strong>LOS CONCENTRADOS<\/strong><\/p>\n<p><strong>Arqueros:<\/strong> Adri\u00e1n Gabbarini e Hilario Navarro.<\/p>\n<p><strong>Defensores<\/strong>: Eduardo Tuzzio, Gabriel Vall\u00e9s, Juli\u00e1n Vel\u00e1zquez, Maximiliano Vel\u00e1zquez, Lucas Mareque\u00a0y Leonel Galeano.<\/p>\n<p><strong>Volantes:<\/strong> Hern\u00e1n Fredes, Cristian Pellerano, Leandro Graci\u00e1n, Fernando Godoy, Roberto Batti\u00f3n, Federico Mancuello y Nicol\u00e1s Mart\u00ednez.<\/p>\n<p><strong>Delanteros:<\/strong> Andr\u00e9s Silvera, Facundo Parra y Patricio Rodr\u00edguez.<\/p>\n<p>El plantel realizar\u00e1 una pr\u00e1ctica en el Estadio Libertadores de Am\u00e9rica el d\u00eda s\u00e1bado por la ma\u00f1ana, a puertas cerradas y sin atenci\u00f3n a la prensa. Luego quedar\u00e1 concentrado esperando el partido.<\/p>\n","protected":false},"excerpt":{"rendered":"<p>Ya est\u00e1n los concentrados. Garnero confirm\u00f3 a los 18 jugadores que utilizar\u00e1 este domingo en Banfield. Con respecto a las \u00faltimas listas quedan afuera Assmann (ya est\u00e1 recuperado Gabbarini) y Villafa\u00f1ez quien sufri\u00f3 una fractura en el quinto metatarsiano del pie izquierdo. LOS CONCENTRADOS Arqueros: Adri\u00e1n Gabbarini e Hilario Navarro. Defensores: Eduardo Tuzzio, Gabriel Vall\u00e9s, [&hellip;]<\/p>\n","protected":false},"author":1,"featured_media":0,"comment_status":"open","ping_status":"open","sticky":false,"template":"","format":"standard","meta":{"_links_to":"","_links_to_target":""},"categories":[3,1],"tags":[325,153,2606,30,78,61],"_links":{"self":[{"href":"https:\/\/www.locoxelrojo.com\/independiente\/wp-json\/wp\/v2\/posts\/1068"}],"collection":[{"href":"https:\/\/www.locoxelrojo.com\/independiente\/wp-json\/wp\/v2\/posts"}],"about":[{"href":"https:\/\/www.locoxelrojo.com\/independiente\/wp-json\/wp\/v2\/types\/post"}],"author":[{"embeddable":true,"href":"https:\/\/www.locoxelrojo.com\/independiente\/wp-json\/wp\/v2\/users\/1"}],"replies":[{"embeddable":true,"href":"https:\/\/www.locoxelrojo.com\/independiente\/wp-json\/wp\/v2\/comments?post=1068"}],"version-history":[{"count":0,"href":"https:\/\/www.locoxelrojo.com\/independiente\/wp-json\/wp\/v2\/posts\/1068\/revisions"}],"wp:attachment":[{"href":"https:\/\/www.locoxelrojo.com\/independiente\/wp-json\/wp\/v2\/media?parent=1068"}],"wp:term":[{"taxonomy":"category","embeddable":true,"href":"https:\/\/www.locoxelrojo.com\/independiente\/wp-json\/wp\/v2\/categories?post=1068"},{"taxonomy":"post_tag","embeddable":true,"href":"https:\/\/www.locoxelrojo.com\/independiente\/wp-json\/wp\/v2\/tags?post=1068"}],"curies":[{"name":"wp","href":"https:\/\/api.w.org\/{rel}","templated":true}]}}