{"id":106892,"date":"2022-07-13T16:44:35","date_gmt":"2022-07-13T19:44:35","guid":{"rendered":"https:\/\/www.locoxelrojo.com\/independiente\/?p=106892"},"modified":"2022-07-13T16:44:35","modified_gmt":"2022-07-13T19:44:35","slug":"clausen-hay-entrenadores-y-dirigentes-que-no-saben-retirarse-a-tiempo","status":"publish","type":"post","link":"https:\/\/www.locoxelrojo.com\/independiente\/2022\/07\/13\/clausen-hay-entrenadores-y-dirigentes-que-no-saben-retirarse-a-tiempo\/","title":{"rendered":"Clausen: \u201cHay entrenadores y dirigentes que no saben retirarse a tiempo&#8221;"},"content":{"rendered":"<p><strong>N\u00e9stor Clausen dio en la tecla al describir el presente futbol\u00edstico e institucional de Independiente. <\/strong><\/p>\n<p>La semana comenz\u00f3 movida para el mundo Rojo. La derrota en el cl\u00e1sico con Racing sacudi\u00f3 y <a href=\"https:\/\/www.locoxelrojo.com\/independiente\/2022\/07\/12\/eduardo-dominguez-dejo-de-ser-el-dt-de-independiente\/\">termin\u00f3 con la salida de Eduardo Dom\u00ednguez<\/a>. Casi al mismo tiempo, l<a href=\"https:\/\/www.locoxelrojo.com\/independiente\/2022\/07\/12\/elecciones-la-justicia-habilito-a-agrupacion-independiente-tradicional\/\">a Justicia entreg\u00f3 el tan ansiado fallo y obliga al club a reanudar el acto eleccionario<\/a>, con las tres listas que iban a participar en el mes de diciembre.<\/p>\n<p>Ante este panorama, el Negro habl\u00f3 en D Sports Radio y fue muy claro al ser consultado por estos dos temas transcendentales. <strong>&#8220;Hay entrenadores y dirigentes que no saben retirarse a tiempo&#8221;<\/strong>, dispar\u00f3. <strong>&#8220;Se ponen caprichosos de querer revertir la situaci\u00f3n y le terminan haciendo m\u00e1s da\u00f1o a la instituci\u00f3n&#8221;<\/strong>, agreg\u00f3. Un claro mensaje para <strong>Dom\u00ednguez<\/strong> y tambi\u00e9n para <strong>Hugo Moyano y H\u00e9ctor Maldonado<\/strong>, los dos m\u00e1ximos responsables de la crisis de Independiente.<\/p>\n<p>Para finalizar nombr\u00f3 su candidato para suceder a Dom\u00ednguez: <strong>&#8220;De los \u00faltimos entrenadores, Ariel Holan es el que mejor hizo las cosas en Independiente. Si vuelve, gran parte del p\u00fablico le va a dar su apoyo&#8221;<\/strong>.<\/p>\n","protected":false},"excerpt":{"rendered":"<p>N\u00e9stor Clausen dio en la tecla al describir el presente futbol\u00edstico e institucional de Independiente. La semana comenz\u00f3 movida para el mundo Rojo. La derrota en el cl\u00e1sico con Racing sacudi\u00f3 y termin\u00f3 con la salida de Eduardo Dom\u00ednguez. Casi al mismo tiempo, la Justicia entreg\u00f3 el tan ansiado fallo y obliga al club a [&hellip;]<\/p>\n","protected":false},"author":1,"featured_media":106893,"comment_status":"open","ping_status":"closed","sticky":false,"template":"","format":"standard","meta":{"_links_to":"","_links_to_target":""},"categories":[3280,3247],"tags":[2055],"_links":{"self":[{"href":"https:\/\/www.locoxelrojo.com\/independiente\/wp-json\/wp\/v2\/posts\/106892"}],"collection":[{"href":"https:\/\/www.locoxelrojo.com\/independiente\/wp-json\/wp\/v2\/posts"}],"about":[{"href":"https:\/\/www.locoxelrojo.com\/independiente\/wp-json\/wp\/v2\/types\/post"}],"author":[{"embeddable":true,"href":"https:\/\/www.locoxelrojo.com\/independiente\/wp-json\/wp\/v2\/users\/1"}],"replies":[{"embeddable":true,"href":"https:\/\/www.locoxelrojo.com\/independiente\/wp-json\/wp\/v2\/comments?post=106892"}],"version-history":[{"count":1,"href":"https:\/\/www.locoxelrojo.com\/independiente\/wp-json\/wp\/v2\/posts\/106892\/revisions"}],"predecessor-version":[{"id":106894,"href":"https:\/\/www.locoxelrojo.com\/independiente\/wp-json\/wp\/v2\/posts\/106892\/revisions\/106894"}],"wp:featuredmedia":[{"embeddable":true,"href":"https:\/\/www.locoxelrojo.com\/independiente\/wp-json\/wp\/v2\/media\/106893"}],"wp:attachment":[{"href":"https:\/\/www.locoxelrojo.com\/independiente\/wp-json\/wp\/v2\/media?parent=106892"}],"wp:term":[{"taxonomy":"category","embeddable":true,"href":"https:\/\/www.locoxelrojo.com\/independiente\/wp-json\/wp\/v2\/categories?post=106892"},{"taxonomy":"post_tag","embeddable":true,"href":"https:\/\/www.locoxelrojo.com\/independiente\/wp-json\/wp\/v2\/tags?post=106892"}],"curies":[{"name":"wp","href":"https:\/\/api.w.org\/{rel}","templated":true}]}}