{"id":106911,"date":"2022-07-14T19:04:12","date_gmt":"2022-07-14T22:04:12","guid":{"rendered":"https:\/\/www.locoxelrojo.com\/independiente\/?p=106911"},"modified":"2022-07-14T19:04:12","modified_gmt":"2022-07-14T22:04:12","slug":"la-banda-izquierda-en-problemas","status":"publish","type":"post","link":"https:\/\/www.locoxelrojo.com\/independiente\/2022\/07\/14\/la-banda-izquierda-en-problemas\/","title":{"rendered":"La banda izquierda en problemas"},"content":{"rendered":"<p>Independiente sigue con los entrenamientos en el predio de Villa Dom\u00ednico, con la cabeza puesta en el partido con Rosario Central. <strong>Lucas Rodr\u00edguez no pudo participar de la pr\u00e1ctica, justo un puesto que escasea.<\/strong><\/p>\n<p>La ma\u00f1ana empez\u00f3 con problemas para Claudio Graf. <strong>Rodr\u00edguez apareci\u00f3 en el Centro de Alto Rendimiento con un cuadro de v\u00f3mitos y dolor abdominal. Se tuvo que retirar a su domicilio y esperan que evolucione favorablemente en las pr\u00f3ximas horas ya que no hay otro lateral izquierdo en el plantel.<\/strong> Tal es as\u00ed, que <strong>para poder realizar los trabajos de campo el DT tuvo que recurrir a Fernando Da Rosa<\/strong>, el juvenil de la Reserva que por estar suspendido <a href=\"https:\/\/www.locoxelrojo.com\/independiente\/2022\/07\/14\/goleada-canalla\/\">no viaj\u00f3 a Rosario junto al resto de sus compa\u00f1eros<\/a>. Su puesto tampoco es ese, juega habitualmente como central y es zurdo.<\/p>\n<p>Para el resto de los jugadores hubo <strong>ejercicios de fuerza din\u00e1mica en el gimnasio, secuencia de pases con definici\u00f3n, f\u00fatbol reducido y movimientos t\u00e1cticos<\/strong>.<\/p>\n<p><strong>A\u00fan no hay novedades del equipo<\/strong>, este viernes desde las 9:30 volver\u00e1n a verse las caras y Graf tendr\u00e1 el panorama m\u00e1s claro. Al t\u00e9rmino de la pr\u00e1ctica el plantel quedar\u00e1 concentrado a la espera del partido.<\/p>\n","protected":false},"excerpt":{"rendered":"<p>Independiente sigue con los entrenamientos en el predio de Villa Dom\u00ednico, con la cabeza puesta en el partido con Rosario Central. Lucas Rodr\u00edguez no pudo participar de la pr\u00e1ctica, justo un puesto que escasea. La ma\u00f1ana empez\u00f3 con problemas para Claudio Graf. Rodr\u00edguez apareci\u00f3 en el Centro de Alto Rendimiento con un cuadro de v\u00f3mitos [&hellip;]<\/p>\n","protected":false},"author":1,"featured_media":106626,"comment_status":"open","ping_status":"closed","sticky":false,"template":"","format":"standard","meta":{"_links_to":"","_links_to_target":""},"categories":[3247,3],"tags":[5106,26,4647,172],"_links":{"self":[{"href":"https:\/\/www.locoxelrojo.com\/independiente\/wp-json\/wp\/v2\/posts\/106911"}],"collection":[{"href":"https:\/\/www.locoxelrojo.com\/independiente\/wp-json\/wp\/v2\/posts"}],"about":[{"href":"https:\/\/www.locoxelrojo.com\/independiente\/wp-json\/wp\/v2\/types\/post"}],"author":[{"embeddable":true,"href":"https:\/\/www.locoxelrojo.com\/independiente\/wp-json\/wp\/v2\/users\/1"}],"replies":[{"embeddable":true,"href":"https:\/\/www.locoxelrojo.com\/independiente\/wp-json\/wp\/v2\/comments?post=106911"}],"version-history":[{"count":1,"href":"https:\/\/www.locoxelrojo.com\/independiente\/wp-json\/wp\/v2\/posts\/106911\/revisions"}],"predecessor-version":[{"id":106912,"href":"https:\/\/www.locoxelrojo.com\/independiente\/wp-json\/wp\/v2\/posts\/106911\/revisions\/106912"}],"wp:featuredmedia":[{"embeddable":true,"href":"https:\/\/www.locoxelrojo.com\/independiente\/wp-json\/wp\/v2\/media\/106626"}],"wp:attachment":[{"href":"https:\/\/www.locoxelrojo.com\/independiente\/wp-json\/wp\/v2\/media?parent=106911"}],"wp:term":[{"taxonomy":"category","embeddable":true,"href":"https:\/\/www.locoxelrojo.com\/independiente\/wp-json\/wp\/v2\/categories?post=106911"},{"taxonomy":"post_tag","embeddable":true,"href":"https:\/\/www.locoxelrojo.com\/independiente\/wp-json\/wp\/v2\/tags?post=106911"}],"curies":[{"name":"wp","href":"https:\/\/api.w.org\/{rel}","templated":true}]}}