{"id":107024,"date":"2022-07-19T11:05:16","date_gmt":"2022-07-19T14:05:16","guid":{"rendered":"https:\/\/www.locoxelrojo.com\/independiente\/?p=107024"},"modified":"2022-07-19T11:50:34","modified_gmt":"2022-07-19T14:50:34","slug":"hugo-moyano-independiente-elecciones-candidatura","status":"publish","type":"post","link":"https:\/\/www.locoxelrojo.com\/independiente\/2022\/07\/19\/hugo-moyano-independiente-elecciones-candidatura\/","title":{"rendered":"Moyano y su candidatura en las elecciones: &#8220;Todav\u00eda no est\u00e1 definida&#8221;"},"content":{"rendered":"<p>El presidente de Independiente, Hugo Moyano, brind\u00f3 declaraciones sobre el pol\u00e9mico proceso electoral que a\u00fan no se pudo realizar para elegir las nuevas autoridades en la instituci\u00f3n. <strong>&#8220;Todav\u00eda no est\u00e1 definida mi candidatura&#8221;<\/strong>, manifest\u00f3 sobre su situaci\u00f3n en el oficialismo.<\/p>\n<p><strong>&#8220;En el peor momento de la historia de Independiente nos hicimos cargo nosotros. Los que lo mandaron a la B son los que hay critican y se hacen los salvadores. Cuando hab\u00eda que poner plata, no estaban&#8221;<\/strong>, expres\u00f3 en di\u00e1logo con Radio 10 sobre la oposici\u00f3n y las cr\u00edticas a su gesti\u00f3n.<\/p>\n<p>El mandam\u00e1s de facto del Rojo, redobl\u00f3 la apuesta contra los miembros de Agrupaci\u00f3n Independiente Tradicional y Gente de Independiente: <strong>&#8220;Todo el macrismo est\u00e1 atr\u00e1s de la oposici\u00f3n. Estos tipos nos dejaron un desastre y nosotros nos hicimos cargo cuando no \u00e9ramos CD. Terminamos el estadio y los predios. De a 200 son todos valientes y gritan disparates. Si est\u00e1 todo en condiciones, aceptaremos las listas. Pero una agrupaci\u00f3n no estaba en condiciones y por eso actu\u00f3 la Junta Electoral. Quieren violar las normas, por eso la Justicia fren\u00f3 las elecciones&#8221;.<\/strong><\/p>\n<p><strong>&#8220;No est\u00e1n las condiciones dadas a mi entender para que haya elecciones, pero si la junta decide que se pueden hacer, se van a hacer&#8221;, <\/strong>polemiz\u00f3 sobre el la futura elecci\u00f3n de autoridades en el club.<\/p>\n<p><span class=\"css-901oao css-16my406 r-poiln3 r-bcqeeo r-qvutc0\">Para finalizar, acus\u00f3 una persecuci\u00f3n de sectores pol\u00edticos y servicios de inteligencia: <strong>&#8220;Nunca perdimos una elecci\u00f3n. Ganamos por miles de votos. Ahora se juntan muchos tipos, que algunos ni son de <\/strong><\/span><strong><span class=\"r-18u37iz\">Independiente<\/span><span class=\"css-901oao css-16my406 r-poiln3 r-bcqeeo r-qvutc0\">, y ah\u00ed est\u00e1 todo el macrismo y medios de comunicaci\u00f3n que representan a Doman, los servicios del AFI que se quieren meter&#8221;.<\/span><\/strong><\/p>\n","protected":false},"excerpt":{"rendered":"<p>El presidente de Independiente, Hugo Moyano, brind\u00f3 declaraciones sobre el pol\u00e9mico proceso electoral que a\u00fan no se pudo realizar para elegir las nuevas autoridades en la instituci\u00f3n. &#8220;Todav\u00eda no est\u00e1 definida mi candidatura&#8221;, manifest\u00f3 sobre su situaci\u00f3n en el oficialismo. &#8220;En el peor momento de la historia de Independiente nos hicimos cargo nosotros. Los que [&hellip;]<\/p>\n","protected":false},"author":14,"featured_media":90900,"comment_status":"open","ping_status":"closed","sticky":false,"template":"","format":"standard","meta":{"_links_to":"","_links_to_target":""},"categories":[3280,3247,4],"tags":[153,5057,140],"_links":{"self":[{"href":"https:\/\/www.locoxelrojo.com\/independiente\/wp-json\/wp\/v2\/posts\/107024"}],"collection":[{"href":"https:\/\/www.locoxelrojo.com\/independiente\/wp-json\/wp\/v2\/posts"}],"about":[{"href":"https:\/\/www.locoxelrojo.com\/independiente\/wp-json\/wp\/v2\/types\/post"}],"author":[{"embeddable":true,"href":"https:\/\/www.locoxelrojo.com\/independiente\/wp-json\/wp\/v2\/users\/14"}],"replies":[{"embeddable":true,"href":"https:\/\/www.locoxelrojo.com\/independiente\/wp-json\/wp\/v2\/comments?post=107024"}],"version-history":[{"count":3,"href":"https:\/\/www.locoxelrojo.com\/independiente\/wp-json\/wp\/v2\/posts\/107024\/revisions"}],"predecessor-version":[{"id":107029,"href":"https:\/\/www.locoxelrojo.com\/independiente\/wp-json\/wp\/v2\/posts\/107024\/revisions\/107029"}],"wp:featuredmedia":[{"embeddable":true,"href":"https:\/\/www.locoxelrojo.com\/independiente\/wp-json\/wp\/v2\/media\/90900"}],"wp:attachment":[{"href":"https:\/\/www.locoxelrojo.com\/independiente\/wp-json\/wp\/v2\/media?parent=107024"}],"wp:term":[{"taxonomy":"category","embeddable":true,"href":"https:\/\/www.locoxelrojo.com\/independiente\/wp-json\/wp\/v2\/categories?post=107024"},{"taxonomy":"post_tag","embeddable":true,"href":"https:\/\/www.locoxelrojo.com\/independiente\/wp-json\/wp\/v2\/tags?post=107024"}],"curies":[{"name":"wp","href":"https:\/\/api.w.org\/{rel}","templated":true}]}}