{"id":107025,"date":"2022-07-19T10:15:11","date_gmt":"2022-07-19T13:15:11","guid":{"rendered":"https:\/\/www.locoxelrojo.com\/independiente\/?p=107025"},"modified":"2022-07-19T11:25:03","modified_gmt":"2022-07-19T14:25:03","slug":"moyano-dt-independiente-veron","status":"publish","type":"post","link":"https:\/\/www.locoxelrojo.com\/independiente\/2022\/07\/19\/moyano-dt-independiente-veron\/","title":{"rendered":"\u00bfQu\u00e9 dijo Moyano sobre el pr\u00f3ximo DT y el caso Ver\u00f3n?"},"content":{"rendered":"<p>El presidente de Independiente, Hugo Moyano, <strong>habl\u00f3 sobre la elecci\u00f3n del futuro entrenador y tambi\u00e9n sobre el juicio millonario que perdi\u00f3 la instituci\u00f3n con Gonzalo Ver\u00f3n tras una escandalosa gesti\u00f3n dirigencial.<\/strong> <a href=\"https:\/\/www.locoxelrojo.com\/independiente\/2022\/07\/19\/hugo-moyano-independiente-elecciones-candidatura\/\">Adem\u00e1s, puso en duda su candidatura pero apost\u00f3 a continuar a cargo del club.<\/a><\/p>\n<p><strong>&#8220;El embargo de Gonzalo Ver\u00f3n lleg\u00f3 en plena pandemia, cuando no laburaba nadie. El juicio est\u00e1 en la Corte Suprema, porque pas\u00f3 de 800 mil d\u00f3lares a 6 millones en una comunicaci\u00f3n que lleg\u00f3 cuando la sede estaba cerrada. Un disparate total&#8221;<\/strong>, expres\u00f3 sobre la situaci\u00f3n judicial que enfrenta la instituci\u00f3n con un embargo preventivo en 4.8 millones de d\u00f3lares.<\/p>\n<p>Por otra parte, expres\u00f3 que tiene en mente buscar un entrenador tras la salida de Dom\u00ednguez a pesar de que a\u00fan no hay fecha para las elecciones: <strong>&#8220;Por supuesto que hay que ir a buscar un DT. F\u00edjate c\u00f3mo opera la oposici\u00f3n que hasta Eduardo Dom\u00ednguez se fue, que era el que quer\u00edan todos&#8221;.<\/strong><\/p>\n<p><span class=\"css-901oao css-16my406 r-poiln3 r-bcqeeo r-qvutc0\">Si bien su candidatura qued\u00f3 en puntos suspensivos, Moyano apost\u00f3 a seguir vinculado al club y contribuir a mejorar el club: <strong>&#8220;Nosotros vamos a hacer todo lo necesario para que <\/strong><\/span><strong><span class=\"r-18u37iz\">Independiente<\/span><span class=\"css-901oao css-16my406 r-poiln3 r-bcqeeo r-qvutc0\"> siga siendo una de las mejores instituciones del pa\u00eds&#8221;.<\/span><\/strong><\/p>\n","protected":false},"excerpt":{"rendered":"<p>El presidente de Independiente, Hugo Moyano, habl\u00f3 sobre la elecci\u00f3n del futuro entrenador y tambi\u00e9n sobre el juicio millonario que perdi\u00f3 la instituci\u00f3n con Gonzalo Ver\u00f3n tras una escandalosa gesti\u00f3n dirigencial. Adem\u00e1s, puso en duda su candidatura pero apost\u00f3 a continuar a cargo del club. &#8220;El embargo de Gonzalo Ver\u00f3n lleg\u00f3 en plena pandemia, cuando [&hellip;]<\/p>\n","protected":false},"author":14,"featured_media":102493,"comment_status":"open","ping_status":"closed","sticky":false,"template":"","format":"standard","meta":{"_links_to":"","_links_to_target":""},"categories":[3280,3247],"tags":[153,140],"_links":{"self":[{"href":"https:\/\/www.locoxelrojo.com\/independiente\/wp-json\/wp\/v2\/posts\/107025"}],"collection":[{"href":"https:\/\/www.locoxelrojo.com\/independiente\/wp-json\/wp\/v2\/posts"}],"about":[{"href":"https:\/\/www.locoxelrojo.com\/independiente\/wp-json\/wp\/v2\/types\/post"}],"author":[{"embeddable":true,"href":"https:\/\/www.locoxelrojo.com\/independiente\/wp-json\/wp\/v2\/users\/14"}],"replies":[{"embeddable":true,"href":"https:\/\/www.locoxelrojo.com\/independiente\/wp-json\/wp\/v2\/comments?post=107025"}],"version-history":[{"count":1,"href":"https:\/\/www.locoxelrojo.com\/independiente\/wp-json\/wp\/v2\/posts\/107025\/revisions"}],"predecessor-version":[{"id":107028,"href":"https:\/\/www.locoxelrojo.com\/independiente\/wp-json\/wp\/v2\/posts\/107025\/revisions\/107028"}],"wp:featuredmedia":[{"embeddable":true,"href":"https:\/\/www.locoxelrojo.com\/independiente\/wp-json\/wp\/v2\/media\/102493"}],"wp:attachment":[{"href":"https:\/\/www.locoxelrojo.com\/independiente\/wp-json\/wp\/v2\/media?parent=107025"}],"wp:term":[{"taxonomy":"category","embeddable":true,"href":"https:\/\/www.locoxelrojo.com\/independiente\/wp-json\/wp\/v2\/categories?post=107025"},{"taxonomy":"post_tag","embeddable":true,"href":"https:\/\/www.locoxelrojo.com\/independiente\/wp-json\/wp\/v2\/tags?post=107025"}],"curies":[{"name":"wp","href":"https:\/\/api.w.org\/{rel}","templated":true}]}}