{"id":107168,"date":"2022-07-23T18:56:42","date_gmt":"2022-07-23T21:56:42","guid":{"rendered":"https:\/\/www.locoxelrojo.com\/independiente\/?p=107168"},"modified":"2022-07-23T20:49:23","modified_gmt":"2022-07-23T23:49:23","slug":"cual-fue-el-resultado-de-la-caceria","status":"publish","type":"post","link":"https:\/\/www.locoxelrojo.com\/independiente\/2022\/07\/23\/cual-fue-el-resultado-de-la-caceria\/","title":{"rendered":"\u00bfCu\u00e1l fue el resultado de la cacer\u00eda?"},"content":{"rendered":"<p><strong><a href=\"https:\/\/www.locoxelrojo.com\/independiente\/2022\/07\/22\/de-la-represion-no-se-vuelve\/\">La brutal represi\u00f3n y posterior cacer\u00eda que sufrieron los socios, socias e hinchas de Independiente<\/a> dej\u00f3 un saldo de 48 detenidos, entre los cu\u00e1les hay casos incre\u00edbles.<\/strong><\/p>\n<blockquote class=\"twitter-tweet\" data-width=\"550\" data-dnt=\"true\">\n<p lang=\"es\" dir=\"ltr\">Hay m\u00e1s de 48 hinchas y socios detenidos en el Polo Judicial de Avellaneda por resistencia a la autoridad. En su mayor\u00eda detenidos en una cacer\u00eda policial, tiempo despu\u00e9s y en una zona diferente a la de los incidentes. <a href=\"https:\/\/twitter.com\/hashtag\/EleccionesYa?src=hash&amp;ref_src=twsrc%5Etfw\">#EleccionesYa<\/a> <a href=\"https:\/\/twitter.com\/hashtag\/AndateMoyano?src=hash&amp;ref_src=twsrc%5Etfw\">#AndateMoyano<\/a> <a href=\"https:\/\/twitter.com\/hashtag\/Independiente?src=hash&amp;ref_src=twsrc%5Etfw\">#Independiente<\/a> <a href=\"https:\/\/t.co\/ssza41Tzcg\">pic.twitter.com\/ssza41Tzcg<\/a><\/p>\n<p>&mdash; Rodrigo Gadano (@RodrigoGadano) <a href=\"https:\/\/twitter.com\/RodrigoGadano\/status\/1550876930014031872?ref_src=twsrc%5Etfw\">July 23, 2022<\/a><\/p><\/blockquote>\n<p><script async src=\"https:\/\/platform.twitter.com\/widgets.js\" charset=\"utf-8\"><\/script><\/p>\n<p>Pasaron casi 24 horas de los incidentes que se dieron en los alrededores de la Sede Social de Independiente, <strong><a href=\"https:\/\/www.locoxelrojo.com\/independiente\/2022\/07\/22\/orgullo-nacional\/\">en medio del pedido de elecciones y recuperaci\u00f3n de la democracia en el club<\/a>.<\/strong><\/p>\n<p><strong>Durante varios minutos Avellaneda fue una zona de guerra.<\/strong> La polic\u00eda disparando a quemarropa y los hinchas defendi\u00e9ndose con lo que encontraban al alcance de sus manos. <strong>Para justificar semejante caos hab\u00eda que detener gente y ah\u00ed las calles de la ciudad se convirtieron en una zona de caza.<\/strong><\/p>\n<p>Entre los detenidos hay <strong>una mujer embarazada, dos personas de nacionalidad boliviana que sal\u00edan de trabajar y otras dos que se encontraban en un bar<\/strong>. Una verdadera locura. <\/p>\n<blockquote class=\"twitter-tweet\" data-width=\"550\" data-dnt=\"true\">\n<p lang=\"es\" dir=\"ltr\">La polic\u00eda entr\u00f3 en un bar y se llev\u00f3 a un hincha que estaba adentro cenando. Una locura. <a href=\"https:\/\/t.co\/dIVDuOtVHO\">pic.twitter.com\/dIVDuOtVHO<\/a><\/p>\n<p>&mdash; Nelson Lafit (@nelsonlafit) <a href=\"https:\/\/twitter.com\/nelsonlafit\/status\/1550624766100471808?ref_src=twsrc%5Etfw\">July 22, 2022<\/a><\/p><\/blockquote>\n<p><script async src=\"https:\/\/platform.twitter.com\/widgets.js\" charset=\"utf-8\"><\/script><\/p>\n<p><strong>Todos se encuentran en el Polo Judicial de Avellaneda, acusados de resistencia a la autoridad.<\/strong> Y, seg\u00fan le manifest\u00f3 la abogada defensora a los familiares y amigos que se acercaron a llevarle provisiones, <strong>aunque no tengan antecedentes deber\u00e1n quedar detenidos hasta el lunes.<\/strong><\/p>\n<blockquote class=\"twitter-tweet\" data-width=\"550\" data-dnt=\"true\">\n<p lang=\"es\" dir=\"ltr\">Algunos socios vinimos al polo judicial a traerle algo para comer y tomar a los detenidos. No los van a largar hasta el lunes. Hay decenas de familiares que no pueden verlos. <a href=\"https:\/\/t.co\/7mKY24kkyc\">pic.twitter.com\/7mKY24kkyc<\/a><\/p>\n<p>&mdash; Mauro Cunto (@Maurocunto) <a href=\"https:\/\/twitter.com\/Maurocunto\/status\/1550946585714069504?ref_src=twsrc%5Etfw\">July 23, 2022<\/a><\/p><\/blockquote>\n<p><script async src=\"https:\/\/platform.twitter.com\/widgets.js\" charset=\"utf-8\"><\/script><\/p>\n<blockquote class=\"twitter-tweet\" data-width=\"550\" data-dnt=\"true\">\n<p lang=\"es\" dir=\"ltr\">Nos vinimos ahora a la primera de Avellaneda. Congregaci\u00f3n de padres, madres y familiares de los detenidos que esperan saber d\u00f3nde van a ser trasladados y pasar el fin de semana. La Plata, Lanuus y Gerli algunos de los destinos. <a href=\"https:\/\/t.co\/lJNcWtXpvh\">pic.twitter.com\/lJNcWtXpvh<\/a><\/p>\n<p>&mdash; Mauro Cunto (@Maurocunto) <a href=\"https:\/\/twitter.com\/Maurocunto\/status\/1550981919948537856?ref_src=twsrc%5Etfw\">July 23, 2022<\/a><\/p><\/blockquote>\n<p><script async src=\"https:\/\/platform.twitter.com\/widgets.js\" charset=\"utf-8\"><\/script><\/p>\n","protected":false},"excerpt":{"rendered":"<p>La brutal represi\u00f3n y posterior cacer\u00eda que sufrieron los socios, socias e hinchas de Independiente dej\u00f3 un saldo de 48 detenidos, entre los cu\u00e1les hay casos incre\u00edbles. Hay m\u00e1s de 48 hinchas y socios detenidos en el Polo Judicial de Avellaneda por resistencia a la autoridad. En su mayor\u00eda detenidos en una cacer\u00eda policial, tiempo [&hellip;]<\/p>\n","protected":false},"author":1,"featured_media":107169,"comment_status":"open","ping_status":"closed","sticky":false,"template":"","format":"standard","meta":{"_links_to":"","_links_to_target":""},"categories":[3280,3247],"tags":[1718,153,2636,140],"_links":{"self":[{"href":"https:\/\/www.locoxelrojo.com\/independiente\/wp-json\/wp\/v2\/posts\/107168"}],"collection":[{"href":"https:\/\/www.locoxelrojo.com\/independiente\/wp-json\/wp\/v2\/posts"}],"about":[{"href":"https:\/\/www.locoxelrojo.com\/independiente\/wp-json\/wp\/v2\/types\/post"}],"author":[{"embeddable":true,"href":"https:\/\/www.locoxelrojo.com\/independiente\/wp-json\/wp\/v2\/users\/1"}],"replies":[{"embeddable":true,"href":"https:\/\/www.locoxelrojo.com\/independiente\/wp-json\/wp\/v2\/comments?post=107168"}],"version-history":[{"count":3,"href":"https:\/\/www.locoxelrojo.com\/independiente\/wp-json\/wp\/v2\/posts\/107168\/revisions"}],"predecessor-version":[{"id":107193,"href":"https:\/\/www.locoxelrojo.com\/independiente\/wp-json\/wp\/v2\/posts\/107168\/revisions\/107193"}],"wp:featuredmedia":[{"embeddable":true,"href":"https:\/\/www.locoxelrojo.com\/independiente\/wp-json\/wp\/v2\/media\/107169"}],"wp:attachment":[{"href":"https:\/\/www.locoxelrojo.com\/independiente\/wp-json\/wp\/v2\/media?parent=107168"}],"wp:term":[{"taxonomy":"category","embeddable":true,"href":"https:\/\/www.locoxelrojo.com\/independiente\/wp-json\/wp\/v2\/categories?post=107168"},{"taxonomy":"post_tag","embeddable":true,"href":"https:\/\/www.locoxelrojo.com\/independiente\/wp-json\/wp\/v2\/tags?post=107168"}],"curies":[{"name":"wp","href":"https:\/\/api.w.org\/{rel}","templated":true}]}}