{"id":107196,"date":"2022-07-24T10:18:33","date_gmt":"2022-07-24T13:18:33","guid":{"rendered":"https:\/\/www.locoxelrojo.com\/independiente\/?p=107196"},"modified":"2022-07-24T10:18:33","modified_gmt":"2022-07-24T13:18:33","slug":"ahora-le-toca-a-ustedes","status":"publish","type":"post","link":"https:\/\/www.locoxelrojo.com\/independiente\/2022\/07\/24\/ahora-le-toca-a-ustedes\/","title":{"rendered":"Ahora le toca a ustedes"},"content":{"rendered":"<p><strong>Por la fecha 10 de la Liga Profesional, Independiente enfrentar\u00e1 a Atl\u00e9tico Tucum\u00e1n este domingo en el Estadio Ciudad de Vicente L\u00f3pez a partir de las 11.<\/strong> <a href=\"https:\/\/www.locoxelrojo.com\/independiente\/2022\/07\/23\/echenique-el-juez-ante-atletico-tucuman\/\">El \u00e1rbitro ser\u00e1 Fernando Echenique.<\/a><\/p>\n<p><strong>El Rojo buscar\u00e1 los tres puntos lejos haciendo de local en un escenario no habitual<\/strong>, por decisi\u00f3n del Aprevide tras los incidentes <a href=\"https:\/\/www.locoxelrojo.com\/independiente\/2022\/07\/22\/de-la-represion-no-se-vuelve\/\">producto de la fuerte represi\u00f3n policial<\/a> y <a href=\"https:\/\/www.locoxelrojo.com\/independiente\/2022\/07\/23\/cual-fue-el-resultado-de-la-caceria\/\">cacer\u00eda que sufrieron los hinchas<\/a> en la manifestaci\u00f3n del \u00faltimo viernes,<a href=\"https:\/\/www.locoxelrojo.com\/independiente\/2022\/07\/22\/orgullo-nacional\/\"> donde reclamaron por las elecciones<\/a>.<\/p>\n<p><strong>Claudio Graf va con un once con varios cambios, algunos por decisiones t\u00e1cticas y otros por lesiones, suspensiones y un caso de fuerza mayor<\/strong>, c\u00f3mo el que le ocurri\u00f3 al capit\u00e1n <a href=\"https:\/\/www.locoxelrojo.com\/independiente\/2022\/07\/23\/el-doloroso-momento-de-lucas-romero\/\">Lucas Romero<\/a>.<\/p>\n<p>En cuando al conjunto tucumano, los dirigidos por el ex DT del Rey de Copas, Lucas Pusineri,<strong> llega peleando el primer puesto junto Argentinos Juniors con 19 puntos<\/strong>.<\/p>\n<h2>Probables formaciones:<\/h2>\n<p><strong>Independiente:<\/strong> Sebasti\u00e1n Sosa; Alex Vigo, Sergio Barreto, Joaqu\u00edn Laso, Edgar Elizalde; Iv\u00e1n Marcone, Lucas Gonz\u00e1lez; Gabriel Hachen, Tom\u00e1s Pozzo, Rodrigo M\u00e1rquez y Santiago Ayala.<br \/>\n<strong>DT:<\/strong> Claudio Graf.<\/p>\n<p><strong>Atl\u00e9tico Tucum\u00e1n:<\/strong> Carlos Lampe; Mart\u00edn Garay, Bruno Bianchi, Manuel Capasso, Mat\u00edas Orihuela; Ciro Rius, Guillermo Acosta, Mateo Coronel, Joaqu\u00edn Pereyra; Cristian Men\u00e9ndez y Ramiro Ruiz Rodr\u00edguez.<br \/>\n<strong>DT:<\/strong> Lucas Pusineri.<\/p>\n<p><strong>\u00c1rbitro:<\/strong> Fernando Echenique.<\/p>\n<p><strong>Estadio:<\/strong> Estadio Ciudad de Vicente L\u00f3pez.<\/p>\n<p><strong>Hora:<\/strong> 11.00.<\/p>\n<p><strong>TV:<\/strong> TNT Sports.<\/p>\n","protected":false},"excerpt":{"rendered":"<p>Por la fecha 10 de la Liga Profesional, Independiente enfrentar\u00e1 a Atl\u00e9tico Tucum\u00e1n este domingo en el Estadio Ciudad de Vicente L\u00f3pez a partir de las 11. El \u00e1rbitro ser\u00e1 Fernando Echenique. El Rojo buscar\u00e1 los tres puntos lejos haciendo de local en un escenario no habitual, por decisi\u00f3n del Aprevide tras los incidentes producto [&hellip;]<\/p>\n","protected":false},"author":101031,"featured_media":107013,"comment_status":"open","ping_status":"closed","sticky":false,"template":"","format":"standard","meta":{"_links_to":"","_links_to_target":""},"categories":[3247,2007],"tags":[297,5106,153,5193],"_links":{"self":[{"href":"https:\/\/www.locoxelrojo.com\/independiente\/wp-json\/wp\/v2\/posts\/107196"}],"collection":[{"href":"https:\/\/www.locoxelrojo.com\/independiente\/wp-json\/wp\/v2\/posts"}],"about":[{"href":"https:\/\/www.locoxelrojo.com\/independiente\/wp-json\/wp\/v2\/types\/post"}],"author":[{"embeddable":true,"href":"https:\/\/www.locoxelrojo.com\/independiente\/wp-json\/wp\/v2\/users\/101031"}],"replies":[{"embeddable":true,"href":"https:\/\/www.locoxelrojo.com\/independiente\/wp-json\/wp\/v2\/comments?post=107196"}],"version-history":[{"count":1,"href":"https:\/\/www.locoxelrojo.com\/independiente\/wp-json\/wp\/v2\/posts\/107196\/revisions"}],"predecessor-version":[{"id":107197,"href":"https:\/\/www.locoxelrojo.com\/independiente\/wp-json\/wp\/v2\/posts\/107196\/revisions\/107197"}],"wp:featuredmedia":[{"embeddable":true,"href":"https:\/\/www.locoxelrojo.com\/independiente\/wp-json\/wp\/v2\/media\/107013"}],"wp:attachment":[{"href":"https:\/\/www.locoxelrojo.com\/independiente\/wp-json\/wp\/v2\/media?parent=107196"}],"wp:term":[{"taxonomy":"category","embeddable":true,"href":"https:\/\/www.locoxelrojo.com\/independiente\/wp-json\/wp\/v2\/categories?post=107196"},{"taxonomy":"post_tag","embeddable":true,"href":"https:\/\/www.locoxelrojo.com\/independiente\/wp-json\/wp\/v2\/tags?post=107196"}],"curies":[{"name":"wp","href":"https:\/\/api.w.org\/{rel}","templated":true}]}}