{"id":107226,"date":"2022-07-24T13:20:00","date_gmt":"2022-07-24T16:20:00","guid":{"rendered":"https:\/\/www.locoxelrojo.com\/independiente\/?p=107226"},"modified":"2022-07-24T16:20:59","modified_gmt":"2022-07-24T19:20:59","slug":"graf-no-ligamos-absolutamente-nada-pero-hemos-visto-una-gran-reaccion","status":"publish","type":"post","link":"https:\/\/www.locoxelrojo.com\/independiente\/2022\/07\/24\/graf-no-ligamos-absolutamente-nada-pero-hemos-visto-una-gran-reaccion\/","title":{"rendered":"Graf: &#8220;No ligamos absolutamente nada pero hemos visto una gran reacci\u00f3n&#8221;"},"content":{"rendered":"<p><strong>Claudio Graf<\/strong> rescat\u00f3 algunos puntos positivos de la derrota de Independiente ante Atl\u00e9tico Tucum\u00e1n, lament\u00f3 que el equipo &#8220;no liga absolutamente nada&#8221; y afirm\u00f3 que seguir\u00e1 como entrenador interino en la pr\u00f3xima fecha.<\/p>\n<p><strong>&#8220;Es real lo de los resultados, es innegable. Hoy hemos visto una gran reacci\u00f3n en todo sentido. La primera jugada nos encontramos en desventaja y la verdad que tuvieron una rebeld\u00eda muy buena que se not\u00f3 en todo el partido&#8221;<\/strong>, expres\u00f3 el DT interino en conferencia de prensa.<\/p>\n<p><strong>&#8220;Tambi\u00e9n estamos en un momento de esos que no lig\u00e1s absolutamente nada y termin\u00f3 el resultado como termin\u00f3, pero evaluamos poder tener esa buena reacci\u00f3n. Despu\u00e9s de esa buena reacci\u00f3n hay que tratar de buscar mejores resultados&#8221;<\/strong>, agreg\u00f3.<\/p>\n<p>Sobre su continuidad, confes\u00f3 que ning\u00fan dirigente le dio precisiones: <strong>&#8220;No me han comunicado nada. Lo \u00fanico que me dijeron es que trabaje tranquilo, siempre en b\u00fasqueda de mejorar. Ya estamos programando la semana que viene. Es muy dif\u00edcil trabajar pensando que es un partido m\u00e1s, un partido m\u00e1s&#8230; Lo hacemos pensando que vamos a estar un tiempo m\u00e1s&#8221;<\/strong>. Ante la consulta de si va a dirigir contra Col\u00f3n, fue claro: <strong>&#8220;Hoy, s\u00ed&#8221;<\/strong>.<\/p>\n<p>A Graf le toc\u00f3 hacerse cargo de un momento complicado y no se sabe hasta cu\u00e1ndo seguir\u00e1 al frente del equipo ni cu\u00e1ndo regresar\u00e1 a entrenar a los juveniles. En ese contexto, se mostr\u00f3 predispuesto a ayudar en el rol que le asignen. <strong>&#8220;Arrancamos a principio de a\u00f1o y fuimos conformando el cuerpo t\u00e9cnico de Reserva. Trabajamos para Independiente, es as\u00ed de simple. Donde estemos, tenemos que dar lo mejor que tengamos sin importar el contexto. Ojal\u00e1 estuviese el equipo un poco m\u00e1s arriba en la tabla pero es lo que hoy nos toca y lo enfrentamos&#8221;<\/strong>, remarc\u00f3.<\/p>\n<p>&nbsp;<\/p>\n","protected":false},"excerpt":{"rendered":"<p>Claudio Graf rescat\u00f3 algunos puntos positivos de la derrota de Independiente ante Atl\u00e9tico Tucum\u00e1n, lament\u00f3 que el equipo &#8220;no liga absolutamente nada&#8221; y afirm\u00f3 que seguir\u00e1 como entrenador interino en la pr\u00f3xima fecha. &#8220;Es real lo de los resultados, es innegable. Hoy hemos visto una gran reacci\u00f3n en todo sentido. La primera jugada nos encontramos [&hellip;]<\/p>\n","protected":false},"author":8,"featured_media":107227,"comment_status":"open","ping_status":"closed","sticky":false,"template":"","format":"standard","meta":{"_links_to":"","_links_to_target":""},"categories":[3247,3],"tags":[297,5106,153,5193],"_links":{"self":[{"href":"https:\/\/www.locoxelrojo.com\/independiente\/wp-json\/wp\/v2\/posts\/107226"}],"collection":[{"href":"https:\/\/www.locoxelrojo.com\/independiente\/wp-json\/wp\/v2\/posts"}],"about":[{"href":"https:\/\/www.locoxelrojo.com\/independiente\/wp-json\/wp\/v2\/types\/post"}],"author":[{"embeddable":true,"href":"https:\/\/www.locoxelrojo.com\/independiente\/wp-json\/wp\/v2\/users\/8"}],"replies":[{"embeddable":true,"href":"https:\/\/www.locoxelrojo.com\/independiente\/wp-json\/wp\/v2\/comments?post=107226"}],"version-history":[{"count":3,"href":"https:\/\/www.locoxelrojo.com\/independiente\/wp-json\/wp\/v2\/posts\/107226\/revisions"}],"predecessor-version":[{"id":107230,"href":"https:\/\/www.locoxelrojo.com\/independiente\/wp-json\/wp\/v2\/posts\/107226\/revisions\/107230"}],"wp:featuredmedia":[{"embeddable":true,"href":"https:\/\/www.locoxelrojo.com\/independiente\/wp-json\/wp\/v2\/media\/107227"}],"wp:attachment":[{"href":"https:\/\/www.locoxelrojo.com\/independiente\/wp-json\/wp\/v2\/media?parent=107226"}],"wp:term":[{"taxonomy":"category","embeddable":true,"href":"https:\/\/www.locoxelrojo.com\/independiente\/wp-json\/wp\/v2\/categories?post=107226"},{"taxonomy":"post_tag","embeddable":true,"href":"https:\/\/www.locoxelrojo.com\/independiente\/wp-json\/wp\/v2\/tags?post=107226"}],"curies":[{"name":"wp","href":"https:\/\/api.w.org\/{rel}","templated":true}]}}