{"id":107239,"date":"2022-07-25T16:13:18","date_gmt":"2022-07-25T19:13:18","guid":{"rendered":"https:\/\/www.locoxelrojo.com\/independiente\/?p=107239"},"modified":"2022-07-25T16:13:18","modified_gmt":"2022-07-25T19:13:18","slug":"moyano-independiente-elecciones","status":"publish","type":"post","link":"https:\/\/www.locoxelrojo.com\/independiente\/2022\/07\/25\/moyano-independiente-elecciones\/","title":{"rendered":"Pablo Moyano: &#8220;El mi\u00e9rcoles se definir\u00e1 la fecha de elecciones&#8221;"},"content":{"rendered":"<p>El vicepresidente de Independiente, Pablo Moyano, habl\u00f3 sobre de la asamblea del pasado viernes y el futuro de la instituci\u00f3n. <strong>El hijo del presidente fue contundente a la hora de encontrar culpables del enfrentamiento entre hinchas y la polic\u00eda y aclar\u00f3 que en las pr\u00f3ximas horas se definir\u00e1 una fecha para los comicios.<\/strong><\/p>\n<p><strong>&#8220;El PRO se meti\u00f3 en la pol\u00edtica de Independiente. La marcha del viernes fue convocada por Bullrich, Grindetti y Ritondo. Mandaron a 300 activistas del PRO a cometer los actos violentos que se vieron el viernes&#8221;<\/strong>, expres\u00f3 en di\u00e1logo con Futurock.<\/p>\n<p>En relaci\u00f3n a esto, asegur\u00f3 comprender la bronca del hincha pero alert\u00f3 por movimientos pol\u00edticos: <strong>&#8220;Es entendible la calentura del socio, pero es obvio que ellos no destrozaron la sede. Ojo con las declaraciones de los detenidos que pueden revelar que los ataques del viernes estuvieron arreglados&#8221;.<\/strong><\/p>\n<p>Para cerrar, <a href=\"https:\/\/www.locoxelrojo.com\/independiente\/2022\/07\/25\/la-despedida\/\">respald\u00f3 a su padre -ante los rumores de su salida-<\/a> y confirm\u00f3 que habr\u00e1 fecha para las elecciones en breve: <strong>&#8220;Hugo Moyano sigue cumpliendo sus funciones en Independiente. El mi\u00e9rcoles hay una reuni\u00f3n con las agrupaciones y se definir\u00e1 fecha para las elecciones&#8221;<\/strong><\/p>\n","protected":false},"excerpt":{"rendered":"<p>El vicepresidente de Independiente, Pablo Moyano, habl\u00f3 sobre de la asamblea del pasado viernes y el futuro de la instituci\u00f3n. El hijo del presidente fue contundente a la hora de encontrar culpables del enfrentamiento entre hinchas y la polic\u00eda y aclar\u00f3 que en las pr\u00f3ximas horas se definir\u00e1 una fecha para los comicios. &#8220;El PRO [&hellip;]<\/p>\n","protected":false},"author":14,"featured_media":100433,"comment_status":"open","ping_status":"closed","sticky":false,"template":"","format":"standard","meta":{"_links_to":"","_links_to_target":""},"categories":[3280,3247],"tags":[153,140,439],"_links":{"self":[{"href":"https:\/\/www.locoxelrojo.com\/independiente\/wp-json\/wp\/v2\/posts\/107239"}],"collection":[{"href":"https:\/\/www.locoxelrojo.com\/independiente\/wp-json\/wp\/v2\/posts"}],"about":[{"href":"https:\/\/www.locoxelrojo.com\/independiente\/wp-json\/wp\/v2\/types\/post"}],"author":[{"embeddable":true,"href":"https:\/\/www.locoxelrojo.com\/independiente\/wp-json\/wp\/v2\/users\/14"}],"replies":[{"embeddable":true,"href":"https:\/\/www.locoxelrojo.com\/independiente\/wp-json\/wp\/v2\/comments?post=107239"}],"version-history":[{"count":2,"href":"https:\/\/www.locoxelrojo.com\/independiente\/wp-json\/wp\/v2\/posts\/107239\/revisions"}],"predecessor-version":[{"id":107246,"href":"https:\/\/www.locoxelrojo.com\/independiente\/wp-json\/wp\/v2\/posts\/107239\/revisions\/107246"}],"wp:featuredmedia":[{"embeddable":true,"href":"https:\/\/www.locoxelrojo.com\/independiente\/wp-json\/wp\/v2\/media\/100433"}],"wp:attachment":[{"href":"https:\/\/www.locoxelrojo.com\/independiente\/wp-json\/wp\/v2\/media?parent=107239"}],"wp:term":[{"taxonomy":"category","embeddable":true,"href":"https:\/\/www.locoxelrojo.com\/independiente\/wp-json\/wp\/v2\/categories?post=107239"},{"taxonomy":"post_tag","embeddable":true,"href":"https:\/\/www.locoxelrojo.com\/independiente\/wp-json\/wp\/v2\/tags?post=107239"}],"curies":[{"name":"wp","href":"https:\/\/api.w.org\/{rel}","templated":true}]}}