{"id":107250,"date":"2022-07-25T14:30:46","date_gmt":"2022-07-25T17:30:46","guid":{"rendered":"https:\/\/www.locoxelrojo.com\/independiente\/?p=107250"},"modified":"2022-07-25T19:22:45","modified_gmt":"2022-07-25T22:22:45","slug":"benitez-se-va-nuevamente-a-prestamo-a-brasil","status":"publish","type":"post","link":"https:\/\/www.locoxelrojo.com\/independiente\/2022\/07\/25\/benitez-se-va-nuevamente-a-prestamo-a-brasil\/","title":{"rendered":"Ben\u00edtez se va nuevamente a pr\u00e9stamo a Brasil"},"content":{"rendered":"<p><strong>Mart\u00edn Ben\u00edtez<\/strong>, futbolista de <a href=\"https:\/\/www.locoxelrojo.com\/independiente\/\"><strong>Independiente<\/strong><\/a> de 28 a\u00f1os, <strong>sell\u00f3 su v\u00ednculo a pr\u00e9stamo con el Am\u00e9rica Futebol Clube del Brasileirao. Ser\u00e1 su cuarto equipo en Brasil.<\/strong><\/p>\n<p><strong>El delantero surgido en las inferiores del Rojo ven\u00eda de jugar la \u00faltima temporada con Gremio en la Serie B<\/strong>, donde no vio mucho acci\u00f3n (11 partidos, sin goles). Previo a ello, tras su salida de Avellaneda,<strong> tuvo pasos por Vasco Da Gama y San Pablo en el f\u00fatbol brasilero.<\/strong><\/p>\n<p><iframe loading=\"lazy\" title=\"YouTube video player\" src=\"https:\/\/www.youtube.com\/embed\/KP22onaT9-k\" width=\"560\" height=\"315\" frameborder=\"0\" allowfullscreen=\"allowfullscreen\"><\/iframe><\/p>\n<p>Ahora, <strong>Ben\u00edtez firm\u00f3 en Am\u00e9rica hasta el 31 de diciembre, sin cargo y con una opci\u00f3n de compra por 1.500.000 de d\u00f3lares por el 50% del pase.<\/strong> El elenco de Belo Horizonte se encuentra en Primera Divisi\u00f3n, donde marcha en el puesto 14 y su principal objetivo ser\u00e1 mantener la categor\u00eda y, quiz\u00e1s, acceder a una copa internacional.<\/p>\n<blockquote class=\"twitter-tweet\">\n<p dir=\"ltr\" lang=\"pt\">BEN\u00cdTEZ \u00c9 DO <a href=\"https:\/\/twitter.com\/hashtag\/COELH%C3%83O?src=hash&amp;ref_src=twsrc%5Etfw\">#COELH\u00c3O<\/a>! &#x270d;&#x1f3ff;&#x1f430;&#x1f49a;<\/p>\n<p>O meia chega ao <a href=\"https:\/\/twitter.com\/hashtag\/Coelh%C3%A3o?src=hash&amp;ref_src=twsrc%5Etfw\">#Coelh\u00e3o<\/a> por empr\u00e9stimo at\u00e9 o final da temporada! Seja muito bem-vindo, hermano! &#x1f1e6;&#x1f1f7;<\/p>\n<p>Saiba mais &#x27a1;&#xfe0f; <a href=\"https:\/\/t.co\/qu83e2GhVK\">https:\/\/t.co\/qu83e2GhVK<\/a><a href=\"https:\/\/twitter.com\/hashtag\/PraCimaDelesCoelho?src=hash&amp;ref_src=twsrc%5Etfw\">#PraCimaDelesCoelho<\/a> <a href=\"https:\/\/twitter.com\/hashtag\/SomosVolt?src=hash&amp;ref_src=twsrc%5Etfw\">#SomosVolt<\/a> <a href=\"https:\/\/t.co\/9Z2KYzX4PX\">pic.twitter.com\/9Z2KYzX4PX<\/a><\/p>\n<p>\u2014 Am\u00e9rica FC &#x270a;&#x1f3ff; (@AmericaMG) <a href=\"https:\/\/twitter.com\/AmericaMG\/status\/1551647265290338304?ref_src=twsrc%5Etfw\">July 25, 2022<\/a><\/p><\/blockquote>\n<p><script async src=\"https:\/\/platform.twitter.com\/widgets.js\" charset=\"utf-8\"><\/script><\/p>\n","protected":false},"excerpt":{"rendered":"<p>Mart\u00edn Ben\u00edtez, futbolista de Independiente de 28 a\u00f1os, sell\u00f3 su v\u00ednculo a pr\u00e9stamo con el Am\u00e9rica Futebol Clube del Brasileirao. Ser\u00e1 su cuarto equipo en Brasil. El delantero surgido en las inferiores del Rojo ven\u00eda de jugar la \u00faltima temporada con Gremio en la Serie B, donde no vio mucho acci\u00f3n (11 partidos, sin goles). [&hellip;]<\/p>\n","protected":false},"author":101017,"featured_media":107251,"comment_status":"open","ping_status":"closed","sticky":false,"template":"","format":"standard","meta":{"_links_to":"","_links_to_target":""},"categories":[3297,3247],"tags":[5236,153,258,3298],"_links":{"self":[{"href":"https:\/\/www.locoxelrojo.com\/independiente\/wp-json\/wp\/v2\/posts\/107250"}],"collection":[{"href":"https:\/\/www.locoxelrojo.com\/independiente\/wp-json\/wp\/v2\/posts"}],"about":[{"href":"https:\/\/www.locoxelrojo.com\/independiente\/wp-json\/wp\/v2\/types\/post"}],"author":[{"embeddable":true,"href":"https:\/\/www.locoxelrojo.com\/independiente\/wp-json\/wp\/v2\/users\/101017"}],"replies":[{"embeddable":true,"href":"https:\/\/www.locoxelrojo.com\/independiente\/wp-json\/wp\/v2\/comments?post=107250"}],"version-history":[{"count":1,"href":"https:\/\/www.locoxelrojo.com\/independiente\/wp-json\/wp\/v2\/posts\/107250\/revisions"}],"predecessor-version":[{"id":107252,"href":"https:\/\/www.locoxelrojo.com\/independiente\/wp-json\/wp\/v2\/posts\/107250\/revisions\/107252"}],"wp:featuredmedia":[{"embeddable":true,"href":"https:\/\/www.locoxelrojo.com\/independiente\/wp-json\/wp\/v2\/media\/107251"}],"wp:attachment":[{"href":"https:\/\/www.locoxelrojo.com\/independiente\/wp-json\/wp\/v2\/media?parent=107250"}],"wp:term":[{"taxonomy":"category","embeddable":true,"href":"https:\/\/www.locoxelrojo.com\/independiente\/wp-json\/wp\/v2\/categories?post=107250"},{"taxonomy":"post_tag","embeddable":true,"href":"https:\/\/www.locoxelrojo.com\/independiente\/wp-json\/wp\/v2\/tags?post=107250"}],"curies":[{"name":"wp","href":"https:\/\/api.w.org\/{rel}","templated":true}]}}