{"id":107253,"date":"2022-07-25T16:18:16","date_gmt":"2022-07-25T19:18:16","guid":{"rendered":"https:\/\/www.locoxelrojo.com\/independiente\/?p=107253"},"modified":"2022-07-25T23:06:59","modified_gmt":"2022-07-26T02:06:59","slug":"bochini-yo-lo-traeria-a-monzon","status":"publish","type":"post","link":"https:\/\/www.locoxelrojo.com\/independiente\/2022\/07\/25\/bochini-yo-lo-traeria-a-monzon\/","title":{"rendered":"Bochini: &#8220;Yo lo traer\u00eda a Monz\u00f3n&#8221;"},"content":{"rendered":"<p>En una nota para TyC Sports, <strong>Ricardo Bochini<\/strong> <strong>dio su opini\u00f3n sobre qui\u00e9n tendr\u00eda que ser el siguiente t\u00e9cnico de Independiente:<\/strong> <strong>Pedro Monz\u00f3n<\/strong>.<\/p>\n<p><strong>Independiente est\u00e1 en b\u00fasqueda de un nuevo director t\u00e9cnico que lo saque del p\u00e9simo nivel futbol\u00edstico actual<\/strong>, donde solo <a href=\"https:\/\/www.locoxelrojo.com\/independiente\/2022\/07\/25\/pesimos-numeros-independiente-moyano-graf-liga\/\">rescat\u00f3 1 punto de los \u00faltimos 18<\/a> y se encuentra fuera de la lucha por entrar a copas internacionales para el pr\u00f3ximo a\u00f1o.<\/p>\n<p><a href=\"https:\/\/www.locoxelrojo.com\/independiente\/2022\/07\/25\/la-decision-esta-tomada-se-busca-dt\/\">Muchos nombres se pusieron sobre la mesa<\/a>. <strong>Daniel Montenegro<\/strong> tiene el sue\u00f1o de traer a <strong>Gabriel Heinze<\/strong> o <strong>Ricardo Gareca<\/strong>, la comisi\u00f3n directiva piensa en <strong>Daniel Garnero<\/strong> o <strong>Julio Falcioni<\/strong>, pero <strong>Bochini<\/strong> tiene otro nombre en mente.<\/p>\n<p><strong>&#8220;Los t\u00e9cnicos que uno puede decir son muy cotizados y prestigiosos, y no s\u00e9 si hoy el club est\u00e1 en condiciones econ\u00f3micas. Es muy dif\u00edcil traer a uno para los partidos que quedan. Yo pondr\u00eda a Pedro Monz\u00f3n hasta octubre porque sabe de la historia, le gusta el buen f\u00fatbol y puede parar un poco esta situaci\u00f3n&#8221;<\/strong>, dijo el 10.<\/p>\n<p>De todos modos, el ex futbolista aclar\u00f3 que ser\u00eda solo hasta finalizar el torneo, para que posteriormente elijan al pr\u00f3ximo t\u00e9cnico la nueva comisi\u00f3n directiva: <strong>&#8220;Despu\u00e9s de las elecciones hay que elegir uno de nombre y que tenga el estilo de Independiente&#8221;<\/strong><\/p>\n<p>Estos d\u00edas ser\u00e1n claves para que, <strong>a partir de lo que pase el mi\u00e9rcoles en la reuni\u00f3n entre oficialismo y oposici\u00f3n<\/strong>, se sepan los candidatos sobre los cuales se avanzar\u00e1. <strong>El m\u00e1ximo \u00eddolo del Rojo ya tiene su candidato. Para vos, \u00bfQui\u00e9n deber\u00eda ser el pr\u00f3ximo t\u00e9cnico?<\/strong><\/p>\n<blockquote class=\"twitter-tweet\">\n<p dir=\"ltr\" lang=\"es\"><a href=\"https:\/\/twitter.com\/hashtag\/Independiente?src=hash&amp;ref_src=twsrc%5Etfw\">#Independiente<\/a> Bochini reparti\u00f3 palos y eligi\u00f3 a su t\u00e9cnico<\/p>\n<p>El m\u00e1ximo \u00eddolo en la historia del club quiere que Pedro Monz\u00f3n se haga cargo del equipo hasta que termine la Liga Profesional.<a href=\"https:\/\/t.co\/82HuI9ZSDo\">https:\/\/t.co\/82HuI9ZSDo<\/a><\/p>\n<p>\u2014 TyC Sports (@TyCSports) <a href=\"https:\/\/twitter.com\/TyCSports\/status\/1551689205394591744?ref_src=twsrc%5Etfw\">July 25, 2022<\/a><\/p><\/blockquote>\n<p><script async src=\"https:\/\/platform.twitter.com\/widgets.js\" charset=\"utf-8\"><\/script><\/p>\n","protected":false},"excerpt":{"rendered":"<p>En una nota para TyC Sports, Ricardo Bochini dio su opini\u00f3n sobre qui\u00e9n tendr\u00eda que ser el siguiente t\u00e9cnico de Independiente: Pedro Monz\u00f3n. Independiente est\u00e1 en b\u00fasqueda de un nuevo director t\u00e9cnico que lo saque del p\u00e9simo nivel futbol\u00edstico actual, donde solo rescat\u00f3 1 punto de los \u00faltimos 18 y se encuentra fuera de la [&hellip;]<\/p>\n","protected":false},"author":101030,"featured_media":107254,"comment_status":"open","ping_status":"closed","sticky":false,"template":"","format":"standard","meta":{"_links_to":"","_links_to_target":""},"categories":[3280,3247],"tags":[5106,153,4519,1742,475],"_links":{"self":[{"href":"https:\/\/www.locoxelrojo.com\/independiente\/wp-json\/wp\/v2\/posts\/107253"}],"collection":[{"href":"https:\/\/www.locoxelrojo.com\/independiente\/wp-json\/wp\/v2\/posts"}],"about":[{"href":"https:\/\/www.locoxelrojo.com\/independiente\/wp-json\/wp\/v2\/types\/post"}],"author":[{"embeddable":true,"href":"https:\/\/www.locoxelrojo.com\/independiente\/wp-json\/wp\/v2\/users\/101030"}],"replies":[{"embeddable":true,"href":"https:\/\/www.locoxelrojo.com\/independiente\/wp-json\/wp\/v2\/comments?post=107253"}],"version-history":[{"count":3,"href":"https:\/\/www.locoxelrojo.com\/independiente\/wp-json\/wp\/v2\/posts\/107253\/revisions"}],"predecessor-version":[{"id":107257,"href":"https:\/\/www.locoxelrojo.com\/independiente\/wp-json\/wp\/v2\/posts\/107253\/revisions\/107257"}],"wp:featuredmedia":[{"embeddable":true,"href":"https:\/\/www.locoxelrojo.com\/independiente\/wp-json\/wp\/v2\/media\/107254"}],"wp:attachment":[{"href":"https:\/\/www.locoxelrojo.com\/independiente\/wp-json\/wp\/v2\/media?parent=107253"}],"wp:term":[{"taxonomy":"category","embeddable":true,"href":"https:\/\/www.locoxelrojo.com\/independiente\/wp-json\/wp\/v2\/categories?post=107253"},{"taxonomy":"post_tag","embeddable":true,"href":"https:\/\/www.locoxelrojo.com\/independiente\/wp-json\/wp\/v2\/tags?post=107253"}],"curies":[{"name":"wp","href":"https:\/\/api.w.org\/{rel}","templated":true}]}}