{"id":107266,"date":"2022-07-26T10:38:04","date_gmt":"2022-07-26T13:38:04","guid":{"rendered":"https:\/\/www.locoxelrojo.com\/independiente\/?p=107266"},"modified":"2022-07-26T10:59:59","modified_gmt":"2022-07-26T13:59:59","slug":"renuncio-rolfi-montenegro-dejo-de-ser-el-manager-de-independiente","status":"publish","type":"post","link":"https:\/\/www.locoxelrojo.com\/independiente\/2022\/07\/26\/renuncio-rolfi-montenegro-dejo-de-ser-el-manager-de-independiente\/","title":{"rendered":"Renunci\u00f3 Rolfi Montenegro: dej\u00f3 de ser el m\u00e1nager de Independiente"},"content":{"rendered":"<p><strong>Daniel Montenegro dej\u00f3 de ser el asesor deportivo de Independiente. Este martes por la ma\u00f1ana present\u00f3 su renuncia y se despidi\u00f3 del plantel.<\/strong><\/p>\n<p>Un final anunciado que hoy se hizo realidad. Adem\u00e1s de sus much\u00edsimos errores como m\u00e1nager,<strong> hac\u00eda tiempo que el Rolfi no pod\u00eda trabajar c\u00f3modo con esta dirigencia<\/strong>, que lo apartaba de las decisiones importantes una y otra vez.<\/p>\n<p>La salida de Eduardo Dom\u00ednguez, t\u00e9cnico que \u00e9l hab\u00eda tra\u00eddo, fue un adelanto de lo que se ven\u00eda. Mientras Rolfi pensaba en Gabriel Heinze y Ricardo Gareca como posibles reemplazantes, <strong>la Comisi\u00f3n Directiva pens\u00f3 en ofrecerle el cargo de DT a Julio C\u00e9sar Falcioni y a Pedro Monz\u00f3n, ambos de mala relaci\u00f3n con Montenegro.<\/strong> Esa fue la gota que rebals\u00f3 el vaso.<\/p>\n<p><strong>Cansado de tanto manoseo y de no tener poder de decisi\u00f3n<\/strong>, esta ma\u00f1ana Montenegro pas\u00f3 por el predio de Villa Dom\u00ednico y se despidi\u00f3 de los jugadores, poni\u00e9ndole fin a su paso como asesor deportivo. De esta manera, la elecci\u00f3n del nuevo t\u00e9cnico del Rojo quedar\u00e1 en manos de la dirigencia actual.<\/p>\n","protected":false},"excerpt":{"rendered":"<p>Daniel Montenegro dej\u00f3 de ser el asesor deportivo de Independiente. Este martes por la ma\u00f1ana present\u00f3 su renuncia y se despidi\u00f3 del plantel. Un final anunciado que hoy se hizo realidad. Adem\u00e1s de sus much\u00edsimos errores como m\u00e1nager, hac\u00eda tiempo que el Rolfi no pod\u00eda trabajar c\u00f3modo con esta dirigencia, que lo apartaba de las [&hellip;]<\/p>\n","protected":false},"author":8,"featured_media":105744,"comment_status":"open","ping_status":"closed","sticky":false,"template":"","format":"standard","meta":{"_links_to":"","_links_to_target":""},"categories":[3280,3247],"tags":[153,1859,4496],"_links":{"self":[{"href":"https:\/\/www.locoxelrojo.com\/independiente\/wp-json\/wp\/v2\/posts\/107266"}],"collection":[{"href":"https:\/\/www.locoxelrojo.com\/independiente\/wp-json\/wp\/v2\/posts"}],"about":[{"href":"https:\/\/www.locoxelrojo.com\/independiente\/wp-json\/wp\/v2\/types\/post"}],"author":[{"embeddable":true,"href":"https:\/\/www.locoxelrojo.com\/independiente\/wp-json\/wp\/v2\/users\/8"}],"replies":[{"embeddable":true,"href":"https:\/\/www.locoxelrojo.com\/independiente\/wp-json\/wp\/v2\/comments?post=107266"}],"version-history":[{"count":6,"href":"https:\/\/www.locoxelrojo.com\/independiente\/wp-json\/wp\/v2\/posts\/107266\/revisions"}],"predecessor-version":[{"id":107272,"href":"https:\/\/www.locoxelrojo.com\/independiente\/wp-json\/wp\/v2\/posts\/107266\/revisions\/107272"}],"wp:featuredmedia":[{"embeddable":true,"href":"https:\/\/www.locoxelrojo.com\/independiente\/wp-json\/wp\/v2\/media\/105744"}],"wp:attachment":[{"href":"https:\/\/www.locoxelrojo.com\/independiente\/wp-json\/wp\/v2\/media?parent=107266"}],"wp:term":[{"taxonomy":"category","embeddable":true,"href":"https:\/\/www.locoxelrojo.com\/independiente\/wp-json\/wp\/v2\/categories?post=107266"},{"taxonomy":"post_tag","embeddable":true,"href":"https:\/\/www.locoxelrojo.com\/independiente\/wp-json\/wp\/v2\/tags?post=107266"}],"curies":[{"name":"wp","href":"https:\/\/api.w.org\/{rel}","templated":true}]}}