{"id":107283,"date":"2022-07-26T16:48:03","date_gmt":"2022-07-26T19:48:03","guid":{"rendered":"https:\/\/www.locoxelrojo.com\/independiente\/?p=107283"},"modified":"2022-07-26T16:48:03","modified_gmt":"2022-07-26T19:48:03","slug":"quienes-asumen","status":"publish","type":"post","link":"https:\/\/www.locoxelrojo.com\/independiente\/2022\/07\/26\/quienes-asumen\/","title":{"rendered":"\u00bfQui\u00e9nes asumen?"},"content":{"rendered":"<p><a href=\"https:\/\/www.locoxelrojo.com\/independiente\/2022\/07\/26\/renuncio-rolfi-montenegro-dejo-de-ser-el-manager-de-independiente\/\">La salida de Daniel Montenegro<\/a> desencaden\u00f3 en <a href=\"https:\/\/www.locoxelrojo.com\/independiente\/2022\/07\/26\/renuncio-claudio-graf\/\">la renuncia de Claudio Graf<\/a>. <strong>Por este motivo, hay movimientos en Primera Divisi\u00f3n y tambi\u00e9n en Reserva.<\/strong><\/p>\n<p>Hasta definir qui\u00e9n ser\u00e1 finalmente el t\u00e9cnico de Independiente habr\u00e1 un nuevo interinato. <strong>Juan Jos\u00e9 Serrizuela, quien fue por unos partidos DT de la Reserva dirigir\u00e1 a partir de este mi\u00e9rcoles al plantel profesional y estar\u00e1 en el banco de suplentes, en principio, en el partido ante Col\u00f3n de Santa Fe<\/strong>. Leonel R\u00edos ser\u00e1 su ayudante de campo.<\/p>\n<p>Por su parte, <strong>Santiago Rodr\u00edguez, actual coordinador de las Divisiones Inferiores, har\u00e1 la doble tarea. Sin descuidar su actual cargo, ser\u00e1 el entrenador de la Reserva.<\/strong><\/p>\n","protected":false},"excerpt":{"rendered":"<p>La salida de Daniel Montenegro desencaden\u00f3 en la renuncia de Claudio Graf. Por este motivo, hay movimientos en Primera Divisi\u00f3n y tambi\u00e9n en Reserva. Hasta definir qui\u00e9n ser\u00e1 finalmente el t\u00e9cnico de Independiente habr\u00e1 un nuevo interinato. Juan Jos\u00e9 Serrizuela, quien fue por unos partidos DT de la Reserva dirigir\u00e1 a partir de este mi\u00e9rcoles [&hellip;]<\/p>\n","protected":false},"author":101031,"featured_media":89178,"comment_status":"open","ping_status":"closed","sticky":false,"template":"","format":"standard","meta":{"_links_to":"","_links_to_target":""},"categories":[3280,3247],"tags":[153,2183,1346],"_links":{"self":[{"href":"https:\/\/www.locoxelrojo.com\/independiente\/wp-json\/wp\/v2\/posts\/107283"}],"collection":[{"href":"https:\/\/www.locoxelrojo.com\/independiente\/wp-json\/wp\/v2\/posts"}],"about":[{"href":"https:\/\/www.locoxelrojo.com\/independiente\/wp-json\/wp\/v2\/types\/post"}],"author":[{"embeddable":true,"href":"https:\/\/www.locoxelrojo.com\/independiente\/wp-json\/wp\/v2\/users\/101031"}],"replies":[{"embeddable":true,"href":"https:\/\/www.locoxelrojo.com\/independiente\/wp-json\/wp\/v2\/comments?post=107283"}],"version-history":[{"count":1,"href":"https:\/\/www.locoxelrojo.com\/independiente\/wp-json\/wp\/v2\/posts\/107283\/revisions"}],"predecessor-version":[{"id":107284,"href":"https:\/\/www.locoxelrojo.com\/independiente\/wp-json\/wp\/v2\/posts\/107283\/revisions\/107284"}],"wp:featuredmedia":[{"embeddable":true,"href":"https:\/\/www.locoxelrojo.com\/independiente\/wp-json\/wp\/v2\/media\/89178"}],"wp:attachment":[{"href":"https:\/\/www.locoxelrojo.com\/independiente\/wp-json\/wp\/v2\/media?parent=107283"}],"wp:term":[{"taxonomy":"category","embeddable":true,"href":"https:\/\/www.locoxelrojo.com\/independiente\/wp-json\/wp\/v2\/categories?post=107283"},{"taxonomy":"post_tag","embeddable":true,"href":"https:\/\/www.locoxelrojo.com\/independiente\/wp-json\/wp\/v2\/tags?post=107283"}],"curies":[{"name":"wp","href":"https:\/\/api.w.org\/{rel}","templated":true}]}}