{"id":107287,"date":"2022-07-26T17:15:56","date_gmt":"2022-07-26T20:15:56","guid":{"rendered":"https:\/\/www.locoxelrojo.com\/independiente\/?p=107287"},"modified":"2022-07-27T00:00:58","modified_gmt":"2022-07-27T03:00:58","slug":"benegas-recuperado","status":"publish","type":"post","link":"https:\/\/www.locoxelrojo.com\/independiente\/2022\/07\/26\/benegas-recuperado\/","title":{"rendered":"Benegas recuperado"},"content":{"rendered":"<p><strong>Leandro Benegas super\u00f3 su lesi\u00f3n y est\u00e1 a disposici\u00f3n para jugar con Col\u00f3n.<\/strong><\/p>\n<p>Entre tantas malas noticias, en un d\u00eda repleto de salidas, la recuperaci\u00f3n de Benegas es para alegrarse.<\/p>\n<p>Se lesion\u00f3 el 4 de julio en el partido frente a Platense y <strong>Juan Jos\u00e9 Serrizuela podr\u00e1 usarlo frente al Sabalero.<\/strong><\/p>\n<p>El delantero jug\u00f3 <strong>6 partidos en esta Liga Profesional, donde convirti\u00f3 3 goles y dio 1 asistencia.<\/strong><\/p>\n<p>Por otra parte, entre los lesionados, <strong>Santiago Hidalgo y Facundo Ferreyra, ya comenzaron con trabajos f\u00edsicos en campo<\/strong>.<\/p>\n","protected":false},"excerpt":{"rendered":"<p>Leandro Benegas super\u00f3 su lesi\u00f3n y est\u00e1 a disposici\u00f3n para jugar con Col\u00f3n. Entre tantas malas noticias, en un d\u00eda repleto de salidas, la recuperaci\u00f3n de Benegas es para alegrarse. Se lesion\u00f3 el 4 de julio en el partido frente a Platense y Juan Jos\u00e9 Serrizuela podr\u00e1 usarlo frente al Sabalero. El delantero jug\u00f3 6 [&hellip;]<\/p>\n","protected":false},"author":101030,"featured_media":105458,"comment_status":"open","ping_status":"closed","sticky":false,"template":"","format":"standard","meta":{"_links_to":"","_links_to_target":""},"categories":[3247,3],"tags":[26,5128],"_links":{"self":[{"href":"https:\/\/www.locoxelrojo.com\/independiente\/wp-json\/wp\/v2\/posts\/107287"}],"collection":[{"href":"https:\/\/www.locoxelrojo.com\/independiente\/wp-json\/wp\/v2\/posts"}],"about":[{"href":"https:\/\/www.locoxelrojo.com\/independiente\/wp-json\/wp\/v2\/types\/post"}],"author":[{"embeddable":true,"href":"https:\/\/www.locoxelrojo.com\/independiente\/wp-json\/wp\/v2\/users\/101030"}],"replies":[{"embeddable":true,"href":"https:\/\/www.locoxelrojo.com\/independiente\/wp-json\/wp\/v2\/comments?post=107287"}],"version-history":[{"count":1,"href":"https:\/\/www.locoxelrojo.com\/independiente\/wp-json\/wp\/v2\/posts\/107287\/revisions"}],"predecessor-version":[{"id":107288,"href":"https:\/\/www.locoxelrojo.com\/independiente\/wp-json\/wp\/v2\/posts\/107287\/revisions\/107288"}],"wp:featuredmedia":[{"embeddable":true,"href":"https:\/\/www.locoxelrojo.com\/independiente\/wp-json\/wp\/v2\/media\/105458"}],"wp:attachment":[{"href":"https:\/\/www.locoxelrojo.com\/independiente\/wp-json\/wp\/v2\/media?parent=107287"}],"wp:term":[{"taxonomy":"category","embeddable":true,"href":"https:\/\/www.locoxelrojo.com\/independiente\/wp-json\/wp\/v2\/categories?post=107287"},{"taxonomy":"post_tag","embeddable":true,"href":"https:\/\/www.locoxelrojo.com\/independiente\/wp-json\/wp\/v2\/tags?post=107287"}],"curies":[{"name":"wp","href":"https:\/\/api.w.org\/{rel}","templated":true}]}}