{"id":107295,"date":"2022-07-27T22:12:34","date_gmt":"2022-07-28T01:12:34","guid":{"rendered":"https:\/\/www.locoxelrojo.com\/independiente\/?p=107295"},"modified":"2022-07-27T22:16:59","modified_gmt":"2022-07-28T01:16:59","slug":"fecha-definida-para-las-elecciones-independiente-no-hubo-acuerdo-para-la-fecha-de-las-elecciones","status":"publish","type":"post","link":"https:\/\/www.locoxelrojo.com\/independiente\/2022\/07\/27\/fecha-definida-para-las-elecciones-independiente-no-hubo-acuerdo-para-la-fecha-de-las-elecciones\/","title":{"rendered":"Fecha definida para las elecciones"},"content":{"rendered":"<p>Este mi\u00e9rcoles se llev\u00f3 adelante la reuni\u00f3n de la Junta Electoral con las tres agrupaciones de Independiente que pueden participar del acto eleccionario. <strong>Finalmente se defini\u00f3 la fecha y los socios y socias podr\u00e1n ejercer sus derechos. <\/strong><\/p>\n<p>Fueron 4 los integrantes presentes: <strong>Miguel \u00c1ngel Otero, Fabi\u00e1n Ciol, Walter Curia y Fernando Giannasttasio<\/strong>. Y la misma fue presidida por <strong>Atilio Bouza y Ricardo Mulleady<\/strong>.<\/p>\n<p>Los miembros de las agrupaciones, fueron: <strong>Norberto Vidal (Agrupaci\u00f3n Independiente), Claudio Rudecindo (Gente de Independiente) y Salvador P\u00e9rez junto a Fernando Sciaccaluga (Agrupaci\u00f3n Independiente Tradicional).<\/strong><\/p>\n<p>All\u00ed, <strong>se defini\u00f3 que el d\u00eda que se votar\u00e1 ser\u00e1 el domingo 2 de octubre<\/strong>, dentro de 2 meses. <strong>Ambos bloques de la oposici\u00f3n firmaron en disconformidad.<\/strong><\/p>\n<p><strong>El martes 2 de agosto, a las 16, se reunir\u00e1n nuevamente para definir los cambios en las listas, el padr\u00f3n y el cronograma electoral.<\/strong><\/p>\n<p><a href=\"https:\/\/locoxelrojo.com\/independiente\/wp-content\/uploads\/2022\/07\/20220727_214040.jpg\"><img loading=\"lazy\" src=\"https:\/\/locoxelrojo.com\/independiente\/wp-content\/uploads\/2022\/07\/20220727_214040.jpg\" alt=\"Acta Junta Electoral Elecciones 2022\" width=\"702\" height=\"1022\" class=\"alignnone size-full wp-image-107302\" srcset=\"https:\/\/locoxelrojo.com\/independiente\/wp-content\/uploads\/2022\/07\/20220727_214040.jpg 702w, https:\/\/locoxelrojo.com\/independiente\/wp-content\/uploads\/2022\/07\/20220727_214040-206x300.jpg 206w, https:\/\/locoxelrojo.com\/independiente\/wp-content\/uploads\/2022\/07\/20220727_214040-696x1013.jpg 696w, https:\/\/locoxelrojo.com\/independiente\/wp-content\/uploads\/2022\/07\/20220727_214040-288x420.jpg 288w\" sizes=\"(max-width: 702px) 100vw, 702px\" \/><\/a><\/p>\n","protected":false},"excerpt":{"rendered":"<p>Este mi\u00e9rcoles se llev\u00f3 adelante la reuni\u00f3n de la Junta Electoral con las tres agrupaciones de Independiente que pueden participar del acto eleccionario. Finalmente se defini\u00f3 la fecha y los socios y socias podr\u00e1n ejercer sus derechos. Fueron 4 los integrantes presentes: Miguel \u00c1ngel Otero, Fabi\u00e1n Ciol, Walter Curia y Fernando Giannasttasio. Y la misma [&hellip;]<\/p>\n","protected":false},"author":101017,"featured_media":107296,"comment_status":"open","ping_status":"closed","sticky":false,"template":"","format":"standard","meta":{"_links_to":"","_links_to_target":""},"categories":[3280,3247],"tags":[153,5237],"_links":{"self":[{"href":"https:\/\/www.locoxelrojo.com\/independiente\/wp-json\/wp\/v2\/posts\/107295"}],"collection":[{"href":"https:\/\/www.locoxelrojo.com\/independiente\/wp-json\/wp\/v2\/posts"}],"about":[{"href":"https:\/\/www.locoxelrojo.com\/independiente\/wp-json\/wp\/v2\/types\/post"}],"author":[{"embeddable":true,"href":"https:\/\/www.locoxelrojo.com\/independiente\/wp-json\/wp\/v2\/users\/101017"}],"replies":[{"embeddable":true,"href":"https:\/\/www.locoxelrojo.com\/independiente\/wp-json\/wp\/v2\/comments?post=107295"}],"version-history":[{"count":8,"href":"https:\/\/www.locoxelrojo.com\/independiente\/wp-json\/wp\/v2\/posts\/107295\/revisions"}],"predecessor-version":[{"id":107305,"href":"https:\/\/www.locoxelrojo.com\/independiente\/wp-json\/wp\/v2\/posts\/107295\/revisions\/107305"}],"wp:featuredmedia":[{"embeddable":true,"href":"https:\/\/www.locoxelrojo.com\/independiente\/wp-json\/wp\/v2\/media\/107296"}],"wp:attachment":[{"href":"https:\/\/www.locoxelrojo.com\/independiente\/wp-json\/wp\/v2\/media?parent=107295"}],"wp:term":[{"taxonomy":"category","embeddable":true,"href":"https:\/\/www.locoxelrojo.com\/independiente\/wp-json\/wp\/v2\/categories?post=107295"},{"taxonomy":"post_tag","embeddable":true,"href":"https:\/\/www.locoxelrojo.com\/independiente\/wp-json\/wp\/v2\/tags?post=107295"}],"curies":[{"name":"wp","href":"https:\/\/api.w.org\/{rel}","templated":true}]}}