{"id":107462,"date":"2022-08-05T15:49:58","date_gmt":"2022-08-05T18:49:58","guid":{"rendered":"https:\/\/www.locoxelrojo.com\/independiente\/?p=107462"},"modified":"2022-08-05T15:49:58","modified_gmt":"2022-08-05T18:49:58","slug":"cacho-alvarez-ya-tenemos-el-trinomio-cerrado","status":"publish","type":"post","link":"https:\/\/www.locoxelrojo.com\/independiente\/2022\/08\/05\/cacho-alvarez-ya-tenemos-el-trinomio-cerrado\/","title":{"rendered":"Cacho \u00c1lvarez: &#8220;Ya tenemos el trinomio cerrado&#8221;"},"content":{"rendered":"<p><strong>Baldomero \u00c1lvarez, integrante de Agrupaci\u00f3n Independiente y jefe de campa\u00f1a del oficialismo, aclar\u00f3 un poco el panorama de la lista de cara a las elecciones.<\/strong> <\/p>\n<p><strong>&#8220;Ya tenemos el trinomio cerrado pero no nos parece que sea el momento para decirlo&#8221;<\/strong>, expres\u00f3 Cacho, en di\u00e1logo con De La Cuna Al Infierno. Luego, explic\u00f3 los motivos: <strong>&#8220;Todav\u00eda priorizamos la idea de la unidad. En caso que la semana que viene no se concrete lo anunciaremos y puede llegar a cambiar&#8221;<\/strong>. <\/p>\n<p>Justamente su nombre fue uno de los que son\u00f3 para encabezar y sobre esto, aclar\u00f3: <strong>&#8220;Actualmente estoy trabajando como jefe de campa\u00f1a, pero no descarto postularme como candidato porque es algo importante para el socio&#8221;<\/strong>. Y sum\u00f3: <strong>&#8220;El tema est\u00e1 en no anteponer los intereses personales por sobre el inter\u00e9s colectivo&#8221;<\/strong>. <\/p>\n<p>Para finalizar, destac\u00f3 que Hugo Moyano se hiciera a un costado. <strong>&#8220;Valoro lo hecho por Hugo porque puso todo lo que pod\u00eda siempre. Me parece bien que haya admitido que ten\u00eda un ciclo terminado&#8221;<\/strong>, cerr\u00f3. <\/p>\n","protected":false},"excerpt":{"rendered":"<p>Baldomero \u00c1lvarez, integrante de Agrupaci\u00f3n Independiente y jefe de campa\u00f1a del oficialismo, aclar\u00f3 un poco el panorama de la lista de cara a las elecciones. &#8220;Ya tenemos el trinomio cerrado pero no nos parece que sea el momento para decirlo&#8221;, expres\u00f3 Cacho, en di\u00e1logo con De La Cuna Al Infierno. Luego, explic\u00f3 los motivos: &#8220;Todav\u00eda [&hellip;]<\/p>\n","protected":false},"author":1,"featured_media":107463,"comment_status":"open","ping_status":"closed","sticky":false,"template":"","format":"standard","meta":{"_links_to":"","_links_to_target":""},"categories":[3280,3247],"tags":[2186,1116],"_links":{"self":[{"href":"https:\/\/www.locoxelrojo.com\/independiente\/wp-json\/wp\/v2\/posts\/107462"}],"collection":[{"href":"https:\/\/www.locoxelrojo.com\/independiente\/wp-json\/wp\/v2\/posts"}],"about":[{"href":"https:\/\/www.locoxelrojo.com\/independiente\/wp-json\/wp\/v2\/types\/post"}],"author":[{"embeddable":true,"href":"https:\/\/www.locoxelrojo.com\/independiente\/wp-json\/wp\/v2\/users\/1"}],"replies":[{"embeddable":true,"href":"https:\/\/www.locoxelrojo.com\/independiente\/wp-json\/wp\/v2\/comments?post=107462"}],"version-history":[{"count":1,"href":"https:\/\/www.locoxelrojo.com\/independiente\/wp-json\/wp\/v2\/posts\/107462\/revisions"}],"predecessor-version":[{"id":107464,"href":"https:\/\/www.locoxelrojo.com\/independiente\/wp-json\/wp\/v2\/posts\/107462\/revisions\/107464"}],"wp:featuredmedia":[{"embeddable":true,"href":"https:\/\/www.locoxelrojo.com\/independiente\/wp-json\/wp\/v2\/media\/107463"}],"wp:attachment":[{"href":"https:\/\/www.locoxelrojo.com\/independiente\/wp-json\/wp\/v2\/media?parent=107462"}],"wp:term":[{"taxonomy":"category","embeddable":true,"href":"https:\/\/www.locoxelrojo.com\/independiente\/wp-json\/wp\/v2\/categories?post=107462"},{"taxonomy":"post_tag","embeddable":true,"href":"https:\/\/www.locoxelrojo.com\/independiente\/wp-json\/wp\/v2\/tags?post=107462"}],"curies":[{"name":"wp","href":"https:\/\/api.w.org\/{rel}","templated":true}]}}