{"id":107562,"date":"2022-08-10T20:27:24","date_gmt":"2022-08-10T23:27:24","guid":{"rendered":"https:\/\/www.locoxelrojo.com\/independiente\/?p=107562"},"modified":"2022-08-11T01:34:09","modified_gmt":"2022-08-11T04:34:09","slug":"sosa-independiente-declaraciones","status":"publish","type":"post","link":"https:\/\/www.locoxelrojo.com\/independiente\/2022\/08\/10\/sosa-independiente-declaraciones\/","title":{"rendered":"Sosa rompi\u00f3 el silencio: &#8220;No se me cruza por la cabeza irme de Independiente&#8221;"},"content":{"rendered":"<p><strong>Sebasti\u00e1n Sosa<\/strong> volvi\u00f3 a hablar con la prensa y <strong>se refiri\u00f3 a su presente en Independiente<\/strong>, que lo tiene como suplente de <a href=\"https:\/\/www.locoxelrojo.com\/independiente\/2022\/08\/05\/milton-el-elegido\/\"><strong>Milton \u00c1lvarez<\/strong><\/a>.<\/p>\n<p><strong>&#8220;Pasaron muchas cosas a nivel deportivo e institucional. Se calm\u00f3 la situaci\u00f3n porque la gente sabe que va a poder decidir&#8221;<\/strong>, comenz\u00f3 diciendo el uruguayo en di\u00e1logo con Radio La Red sobre el contexto pol\u00edtico y las elecciones confirmadas en el club.<\/p>\n<p>Luego, con respecto a su actualidad en el Rojo, el arquero se mostr\u00f3 enojado por quienes no cre\u00edan su molestia y manifest\u00f3: <strong>&#8220;Jam\u00e1s me pas\u00f3 que pongan en duda una lesi\u00f3n. Hay que tener cuidado con esas cosas. En febrero me desgarr\u00e9 los dos gemelos. Por no parar me perd\u00ed 25 d\u00edas. Ac\u00e1 conoc\u00eda el dolor y prefer\u00ed parar 4 o 5 d\u00edas para no llegar al desgarro. No tom\u00e9 el mensaje de Milton para mi&#8221;.<\/strong><\/p>\n<p>Continuando hablando de su \u00faltimo tiempo en el conjunto de Avellaneda, con los constantes cambios de entrenadores, el golero dijo: <strong>&#8220;En febrero sent\u00ed mucho apoyo para quedarme, fue hace poquito. Luego se dio la salida de Eduardo Dom\u00ednguez por los malos resultados y se empiezan a buscar culpables. Por ah\u00ed es normal que recaiga con los de experiencia&#8221;.<\/strong><\/p>\n<p>En la misma l\u00ednea, el futbolista a\u00f1adi\u00f3: <strong>&#8220;Desde Patronato en adelante not\u00e9 un poco m\u00e1s de rechazo. La bandera que me pusieron (basta del arquerito perdedor) uno sabe de donde sali\u00f3. Te llega solo. Son cosas que en una instituci\u00f3n tan grande restan. Yo trato siempre de dar lo mejor. Hace tres meses era San Sosa&#8230; Pero ni una cosa ni la otra&#8221;.<\/strong><\/p>\n<p>Tambi\u00e9n, el 1 se explay\u00f3 acerca del pobre presente del Rojo en la Liga Profesional: <strong>&#8220;Los resultados no estuvieron y eso no ayuda a disfrutar, a uno lo angustia, pero le damos para adelante. Nos duele a mi y a mis compa\u00f1eros vernos ah\u00ed. Este club merece estar lo m\u00e1s alto posible. Intentaremos ir sumando de a tres para salir. El clima que me gusta es como el que estuvo contra River, con la gente alentando al equipo. El estadio fue una fiesta&#8221;.<\/strong><\/p>\n<p>Para cerrar, Sosa habl\u00f3 de su futuro: <strong>&#8220;Para ir al Mundial tengo que rendir en el club. De los 70\/80 partidos que tengo, en la mayor\u00eda tuve un nivel bueno. No se me cruza por la cabeza irme de Independiente . Yo eleg\u00ed estar ac\u00e1 en febrero, hice un gran esfuerzo. Julio Falcioni est\u00e1 dispuesto a escuchar la dificultad de cada jugador, \u00e9l dice que la puertita de su vestuario siempre est\u00e1 abierta&#8221;.<\/strong><\/p>\n<blockquote class=\"twitter-tweet\">\n<p dir=\"ltr\" lang=\"es\">&#x1f5e3;&#xfe0f;&#x1f399;&#xfe0f; <a href=\"https:\/\/twitter.com\/hashtag\/UnBuenMomento?src=hash&amp;ref_src=twsrc%5Etfw\">#UnBuenMomento<\/a> | Sebasti\u00e1n Sosa, arquero de Independiente, en di\u00e1logo con <a href=\"https:\/\/twitter.com\/MarcePalaciosMP?ref_src=twsrc%5Etfw\">@marcepalaciosMP<\/a>, <a href=\"https:\/\/twitter.com\/hugorbalassone?ref_src=twsrc%5Etfw\">@hugorbalassone<\/a> y equipo.<\/p>\n<p>&#x1f4fb; <a href=\"https:\/\/t.co\/AuI07f8u0b\">https:\/\/t.co\/AuI07f8u0b<\/a> <a href=\"https:\/\/t.co\/ARtywSNFsB\">pic.twitter.com\/ARtywSNFsB<\/a><\/p>\n<p>\u2014 Radio La Red &#x1f4fb; (@radiolared) <a href=\"https:\/\/twitter.com\/radiolared\/status\/1557489825359478786?ref_src=twsrc%5Etfw\">August 10, 2022<\/a><\/p><\/blockquote>\n<p><script async src=\"https:\/\/platform.twitter.com\/widgets.js\" charset=\"utf-8\"><\/script><\/p>\n<blockquote class=\"instagram-media\" style=\"background: #FFF; border: 0; border-radius: 3px; box-shadow: 0 0 1px 0 rgba(0,0,0,0.5),0 1px 10px 0 rgba(0,0,0,0.15); margin: 1px; max-width: 540px; min-width: 326px; padding: 0; width: calc(100% - 2px);\" data-instgrm-captioned=\"\" data-instgrm-permalink=\"https:\/\/www.instagram.com\/p\/ChGK4PmPdZ6\/?utm_source=ig_embed&amp;utm_campaign=loading\" data-instgrm-version=\"14\">\n<div style=\"padding: 16px;\">\n<p>&nbsp;<\/p>\n<div style=\"display: flex; flex-direction: row; align-items: center;\">\n<div style=\"background-color: #f4f4f4; border-radius: 50%; flex-grow: 0; height: 40px; margin-right: 14px; width: 40px;\"><\/div>\n<div style=\"display: flex; flex-direction: column; flex-grow: 1; justify-content: center;\">\n<div style=\"background-color: #f4f4f4; border-radius: 4px; flex-grow: 0; height: 14px; margin-bottom: 6px; width: 100px;\"><\/div>\n<div style=\"background-color: #f4f4f4; border-radius: 4px; flex-grow: 0; height: 14px; width: 60px;\"><\/div>\n<\/div>\n<\/div>\n<div style=\"padding: 19% 0;\"><\/div>\n<div style=\"display: block; height: 50px; margin: 0 auto 12px; width: 50px;\"><\/div>\n<div style=\"padding-top: 8px;\">\n<div style=\"color: #3897f0; font-family: Arial,sans-serif; font-size: 14px; font-style: normal; font-weight: 550; line-height: 18px;\">Ver esta publicaci\u00f3n en Instagram<\/div>\n<\/div>\n<div style=\"padding: 12.5% 0;\"><\/div>\n<div style=\"display: flex; flex-direction: row; margin-bottom: 14px; align-items: center;\">\n<div>\n<div style=\"background-color: #f4f4f4; border-radius: 50%; height: 12.5px; width: 12.5px; transform: translateX(0px) translateY(7px);\"><\/div>\n<div style=\"background-color: #f4f4f4; height: 12.5px; transform: rotate(-45deg) translateX(3px) translateY(1px); width: 12.5px; flex-grow: 0; margin-right: 14px; margin-left: 2px;\"><\/div>\n<div style=\"background-color: #f4f4f4; border-radius: 50%; height: 12.5px; width: 12.5px; transform: translateX(9px) translateY(-18px);\"><\/div>\n<\/div>\n<div style=\"margin-left: 8px;\">\n<div style=\"background-color: #f4f4f4; border-radius: 50%; flex-grow: 0; height: 20px; width: 20px;\"><\/div>\n<div style=\"width: 0; height: 0; border-top: 2px solid transparent; border-left: 6px solid #f4f4f4; border-bottom: 2px solid transparent; transform: translateX(16px) translateY(-4px) rotate(30deg);\"><\/div>\n<\/div>\n<div style=\"margin-left: auto;\">\n<div style=\"width: 0px; border-top: 8px solid #F4F4F4; border-right: 8px solid transparent; transform: translateY(16px);\"><\/div>\n<div style=\"background-color: #f4f4f4; flex-grow: 0; height: 12px; width: 16px; transform: translateY(-4px);\"><\/div>\n<div style=\"width: 0; height: 0; border-top: 8px solid #F4F4F4; border-left: 8px solid transparent; transform: translateY(-4px) translateX(8px);\"><\/div>\n<\/div>\n<\/div>\n<div style=\"display: flex; flex-direction: column; flex-grow: 1; justify-content: center; margin-bottom: 24px;\">\n<div style=\"background-color: #f4f4f4; border-radius: 4px; flex-grow: 0; height: 14px; margin-bottom: 6px; width: 224px;\"><\/div>\n<div style=\"background-color: #f4f4f4; border-radius: 4px; flex-grow: 0; height: 14px; width: 144px;\"><\/div>\n<\/div>\n<p>&nbsp;<\/p>\n<p style=\"color: #c9c8cd; font-family: Arial,sans-serif; font-size: 14px; line-height: 17px; margin-bottom: 0; margin-top: 8px; overflow: hidden; padding: 8px 0 7px; text-align: center; text-overflow: ellipsis; white-space: nowrap;\"><a style=\"color: #c9c8cd; font-family: Arial,sans-serif; font-size: 14px; font-style: normal; font-weight: normal; line-height: 17px; text-decoration: none;\" href=\"https:\/\/www.instagram.com\/p\/ChGK4PmPdZ6\/?utm_source=ig_embed&amp;utm_campaign=loading\" target=\"_blank\" rel=\"noopener\">Una publicaci\u00f3n compartida por LocoXelRojo.com (@locoxelrojoweb)<\/a><\/p>\n<\/div>\n<\/blockquote>\n<p><script async src=\"\/\/www.instagram.com\/embed.js\"><\/script><\/p>\n","protected":false},"excerpt":{"rendered":"<p>Sebasti\u00e1n Sosa volvi\u00f3 a hablar con la prensa y se refiri\u00f3 a su presente en Independiente, que lo tiene como suplente de Milton \u00c1lvarez. &#8220;Pasaron muchas cosas a nivel deportivo e institucional. Se calm\u00f3 la situaci\u00f3n porque la gente sabe que va a poder decidir&#8221;, comenz\u00f3 diciendo el uruguayo en di\u00e1logo con Radio La Red [&hellip;]<\/p>\n","protected":false},"author":101017,"featured_media":107564,"comment_status":"open","ping_status":"closed","sticky":false,"template":"","format":"standard","meta":{"_links_to":"","_links_to_target":""},"categories":[3247,3],"tags":[153,4519,4645],"_links":{"self":[{"href":"https:\/\/www.locoxelrojo.com\/independiente\/wp-json\/wp\/v2\/posts\/107562"}],"collection":[{"href":"https:\/\/www.locoxelrojo.com\/independiente\/wp-json\/wp\/v2\/posts"}],"about":[{"href":"https:\/\/www.locoxelrojo.com\/independiente\/wp-json\/wp\/v2\/types\/post"}],"author":[{"embeddable":true,"href":"https:\/\/www.locoxelrojo.com\/independiente\/wp-json\/wp\/v2\/users\/101017"}],"replies":[{"embeddable":true,"href":"https:\/\/www.locoxelrojo.com\/independiente\/wp-json\/wp\/v2\/comments?post=107562"}],"version-history":[{"count":1,"href":"https:\/\/www.locoxelrojo.com\/independiente\/wp-json\/wp\/v2\/posts\/107562\/revisions"}],"predecessor-version":[{"id":107565,"href":"https:\/\/www.locoxelrojo.com\/independiente\/wp-json\/wp\/v2\/posts\/107562\/revisions\/107565"}],"wp:featuredmedia":[{"embeddable":true,"href":"https:\/\/www.locoxelrojo.com\/independiente\/wp-json\/wp\/v2\/media\/107564"}],"wp:attachment":[{"href":"https:\/\/www.locoxelrojo.com\/independiente\/wp-json\/wp\/v2\/media?parent=107562"}],"wp:term":[{"taxonomy":"category","embeddable":true,"href":"https:\/\/www.locoxelrojo.com\/independiente\/wp-json\/wp\/v2\/categories?post=107562"},{"taxonomy":"post_tag","embeddable":true,"href":"https:\/\/www.locoxelrojo.com\/independiente\/wp-json\/wp\/v2\/tags?post=107562"}],"curies":[{"name":"wp","href":"https:\/\/api.w.org\/{rel}","templated":true}]}}