{"id":107567,"date":"2022-08-11T15:04:47","date_gmt":"2022-08-11T18:04:47","guid":{"rendered":"https:\/\/www.locoxelrojo.com\/independiente\/?p=107567"},"modified":"2022-08-11T20:18:57","modified_gmt":"2022-08-11T23:18:57","slug":"tiene-a-los-once-de-independiente-para-ir-a-lanus","status":"publish","type":"post","link":"https:\/\/www.locoxelrojo.com\/independiente\/2022\/08\/11\/tiene-a-los-once-de-independiente-para-ir-a-lanus\/","title":{"rendered":"\u00bfTiene a los once para ir a Lan\u00fas?"},"content":{"rendered":"<p><strong>El plantel de Independiente complet\u00f3 un nuevo entrenamiento en el predio de Villa Dom\u00ednico. Julio C\u00e9sar Falcioni par\u00f3 un equipo pensando en Lan\u00fas.<\/strong><\/p>\n<p>Durante los trabajos t\u00e1cticos de este jueves, el t\u00e9cnico prob\u00f3 con los mismos once que golearon a Col\u00f3n y que perdieron con River. El s\u00e1bado en La Fortaleza <strong>podr\u00eda repetir el equipo por tercera vez consecutiva<\/strong>, ya que a pesar de la derrota en Avellaneda, el Emperador qued\u00f3 conforme con el rendimiento de sus dirigidos.<\/p>\n<p><strong>Milton \u00c1lvarez; Alex Vigo, Sergio Barreto, Juan Manuel Insaurralde, Lucas Rodr\u00edguez; Dami\u00e1n Batallini, Lucas Romero, Alan So\u00f1ora, Tom\u00e1s Pozzo; Leandro Fern\u00e1ndez y Leandro Benegas<\/strong> integraron la formaci\u00f3n del \u00faltimo entrenamiento y por ahora son quienes saldr\u00e1n a la cancha contra Lan\u00fas.<\/p>\n<p>Por otra parte, Falcioni tuvo una nueva baja. <a href=\"https:\/\/www.locoxelrojo.com\/independiente\/2022\/08\/11\/entrenamiento-con-una-baja\/\"><strong>Lucas Gonz\u00e1lez se entren\u00f3 de manera diferenciada por una sobrecarga muscular<\/strong><\/a> y est\u00e1 en duda para jugar con el Granate.<\/p>\n<p>Los jugadores <strong>volver\u00e1n a entrenarse este viernes desde las 9:30<\/strong> en Villa Dom\u00ednico y despu\u00e9s quedar\u00e1n concentrados en el Hotel Scala.<\/p>\n<blockquote class=\"twitter-tweet\">\n<p dir=\"ltr\" lang=\"es\">Un d\u00eda m\u00e1s en Dom\u00ednico. Un d\u00eda menos para el s\u00e1bado.<a href=\"https:\/\/twitter.com\/hashtag\/TodoRojo?src=hash&amp;ref_src=twsrc%5Etfw\">#TodoRojo<\/a> &#x1f534; <a href=\"https:\/\/t.co\/NddqiO2GCi\">pic.twitter.com\/NddqiO2GCi<\/a><\/p>\n<p>\u2014 C. A. Independiente (@Independiente) <a href=\"https:\/\/twitter.com\/Independiente\/status\/1557744209167192069?ref_src=twsrc%5Etfw\">August 11, 2022<\/a><\/p><\/blockquote>\n<p><script async src=\"https:\/\/platform.twitter.com\/widgets.js\" charset=\"utf-8\"><\/script><\/p>\n","protected":false},"excerpt":{"rendered":"<p>El plantel de Independiente complet\u00f3 un nuevo entrenamiento en el predio de Villa Dom\u00ednico. Julio C\u00e9sar Falcioni par\u00f3 un equipo pensando en Lan\u00fas. Durante los trabajos t\u00e1cticos de este jueves, el t\u00e9cnico prob\u00f3 con los mismos once que golearon a Col\u00f3n y que perdieron con River. El s\u00e1bado en La Fortaleza podr\u00eda repetir el equipo [&hellip;]<\/p>\n","protected":false},"author":8,"featured_media":107569,"comment_status":"open","ping_status":"closed","sticky":false,"template":"","format":"standard","meta":{"_links_to":"","_links_to_target":""},"categories":[3247,3],"tags":[153,26,172],"_links":{"self":[{"href":"https:\/\/www.locoxelrojo.com\/independiente\/wp-json\/wp\/v2\/posts\/107567"}],"collection":[{"href":"https:\/\/www.locoxelrojo.com\/independiente\/wp-json\/wp\/v2\/posts"}],"about":[{"href":"https:\/\/www.locoxelrojo.com\/independiente\/wp-json\/wp\/v2\/types\/post"}],"author":[{"embeddable":true,"href":"https:\/\/www.locoxelrojo.com\/independiente\/wp-json\/wp\/v2\/users\/8"}],"replies":[{"embeddable":true,"href":"https:\/\/www.locoxelrojo.com\/independiente\/wp-json\/wp\/v2\/comments?post=107567"}],"version-history":[{"count":6,"href":"https:\/\/www.locoxelrojo.com\/independiente\/wp-json\/wp\/v2\/posts\/107567\/revisions"}],"predecessor-version":[{"id":107587,"href":"https:\/\/www.locoxelrojo.com\/independiente\/wp-json\/wp\/v2\/posts\/107567\/revisions\/107587"}],"wp:featuredmedia":[{"embeddable":true,"href":"https:\/\/www.locoxelrojo.com\/independiente\/wp-json\/wp\/v2\/media\/107569"}],"wp:attachment":[{"href":"https:\/\/www.locoxelrojo.com\/independiente\/wp-json\/wp\/v2\/media?parent=107567"}],"wp:term":[{"taxonomy":"category","embeddable":true,"href":"https:\/\/www.locoxelrojo.com\/independiente\/wp-json\/wp\/v2\/categories?post=107567"},{"taxonomy":"post_tag","embeddable":true,"href":"https:\/\/www.locoxelrojo.com\/independiente\/wp-json\/wp\/v2\/tags?post=107567"}],"curies":[{"name":"wp","href":"https:\/\/api.w.org\/{rel}","templated":true}]}}