{"id":107600,"date":"2022-08-12T18:20:06","date_gmt":"2022-08-12T21:20:06","guid":{"rendered":"https:\/\/www.locoxelrojo.com\/independiente\/?p=107600"},"modified":"2022-08-12T18:20:06","modified_gmt":"2022-08-12T21:20:06","slug":"concentrados-vs-lanus-dos-regresos","status":"publish","type":"post","link":"https:\/\/www.locoxelrojo.com\/independiente\/2022\/08\/12\/concentrados-vs-lanus-dos-regresos\/","title":{"rendered":"Concentrados vs. Lan\u00fas: dos regresos"},"content":{"rendered":"<p><strong>Julio C\u00e9sar Falcioni entreg\u00f3 la lista de jugadores concentrados para jugar con Lan\u00fas este s\u00e1bado a las 18 en el estadio Ciudad de Lan\u00fas por la fecha 13 de la Liga Profesional.<\/strong><\/p>\n<p>En total <strong>son 24<\/strong> los futbolistas elegidos por el Emperador. <strong>Iv\u00e1n Marcone y Facundo Ferreyra <\/strong>vuelven a concentrar despu\u00e9s de algunos partidos ausentes. El que no estar\u00e1 por la lesi\u00f3n muscular que sufri\u00f3 esta semana es <strong>Lucas Gonz\u00e1lez<\/strong>. <strong>Renzo Bacchia<\/strong> tambi\u00e9n qued\u00f3 afuera ya que <a href=\"https:\/\/www.locoxelrojo.com\/independiente\/2022\/08\/10\/no-pudo-con-lanus\/\">sum\u00f3 minutos en la Reserva, que perdi\u00f3 2-1 sobre la hora<\/a>.<\/p>\n<p>Se mantienen <strong>Justo D\u2019Angelo, Nicol\u00e1s Vallejo, Juli\u00e1n Romero y Santiago Ayala<\/strong>.<\/p>\n<h2>Los 24 concentrados:<\/h2>\n<p><strong>Arqueros:<\/strong> Milton \u00c1lvarez, Sebasti\u00e1n Sosa.<\/p>\n<p><strong>Defensores:<\/strong> Alex Vigo, Sergio Barreto, Juan Manuel Insaurralde, Lucas Rodr\u00edguez, Joaqu\u00edn Laso, Edgar Elizalde y Patricio Ostachuk.<\/p>\n<p><strong>Volantes:<\/strong> Lucas Romero, Alan So\u00f1ora, Tom\u00e1s Pozzo, Dami\u00e1n Batallini, Iv\u00e1n Marcone, Juan Cazares, Gabriel Hachen y Justo D\u2019Angelo.<\/p>\n<p><strong>Delanteros:<\/strong> Leandro Fern\u00e1ndez, Leandro Benegas, Facundo Ferreyra, Rodrigo M\u00e1rquez, Nicol\u00e1s Vallejo, Juli\u00e1n Romero y Santiago Ayala.<\/p>\n","protected":false},"excerpt":{"rendered":"<p>Julio C\u00e9sar Falcioni entreg\u00f3 la lista de jugadores concentrados para jugar con Lan\u00fas este s\u00e1bado a las 18 en el estadio Ciudad de Lan\u00fas por la fecha 13 de la Liga Profesional. En total son 24 los futbolistas elegidos por el Emperador. Iv\u00e1n Marcone y Facundo Ferreyra vuelven a concentrar despu\u00e9s de algunos partidos ausentes. [&hellip;]<\/p>\n","protected":false},"author":1,"featured_media":107601,"comment_status":"open","ping_status":"closed","sticky":false,"template":"","format":"standard","meta":{"_links_to":"","_links_to_target":""},"categories":[3247,3],"tags":[153,3023,1093,2729,385,326,5193],"_links":{"self":[{"href":"https:\/\/www.locoxelrojo.com\/independiente\/wp-json\/wp\/v2\/posts\/107600"}],"collection":[{"href":"https:\/\/www.locoxelrojo.com\/independiente\/wp-json\/wp\/v2\/posts"}],"about":[{"href":"https:\/\/www.locoxelrojo.com\/independiente\/wp-json\/wp\/v2\/types\/post"}],"author":[{"embeddable":true,"href":"https:\/\/www.locoxelrojo.com\/independiente\/wp-json\/wp\/v2\/users\/1"}],"replies":[{"embeddable":true,"href":"https:\/\/www.locoxelrojo.com\/independiente\/wp-json\/wp\/v2\/comments?post=107600"}],"version-history":[{"count":1,"href":"https:\/\/www.locoxelrojo.com\/independiente\/wp-json\/wp\/v2\/posts\/107600\/revisions"}],"predecessor-version":[{"id":107602,"href":"https:\/\/www.locoxelrojo.com\/independiente\/wp-json\/wp\/v2\/posts\/107600\/revisions\/107602"}],"wp:featuredmedia":[{"embeddable":true,"href":"https:\/\/www.locoxelrojo.com\/independiente\/wp-json\/wp\/v2\/media\/107601"}],"wp:attachment":[{"href":"https:\/\/www.locoxelrojo.com\/independiente\/wp-json\/wp\/v2\/media?parent=107600"}],"wp:term":[{"taxonomy":"category","embeddable":true,"href":"https:\/\/www.locoxelrojo.com\/independiente\/wp-json\/wp\/v2\/categories?post=107600"},{"taxonomy":"post_tag","embeddable":true,"href":"https:\/\/www.locoxelrojo.com\/independiente\/wp-json\/wp\/v2\/tags?post=107600"}],"curies":[{"name":"wp","href":"https:\/\/api.w.org\/{rel}","templated":true}]}}