{"id":107631,"date":"2022-08-13T20:00:51","date_gmt":"2022-08-13T23:00:51","guid":{"rendered":"https:\/\/www.locoxelrojo.com\/independiente\/?p=107631"},"modified":"2022-08-13T22:00:37","modified_gmt":"2022-08-14T01:00:37","slug":"falcioni-no-hay-recambio-tenemos-que-improvisar-por-lo-que-armo-el-manager","status":"publish","type":"post","link":"https:\/\/www.locoxelrojo.com\/independiente\/2022\/08\/13\/falcioni-no-hay-recambio-tenemos-que-improvisar-por-lo-que-armo-el-manager\/","title":{"rendered":"Falcioni: &#8220;No hay recambio, tenemos que improvisar por lo que arm\u00f3 el M\u00e1nager&#8221;"},"content":{"rendered":"<p><strong>Julio C\u00e9sar Falcioni<\/strong> habl\u00f3 en conferencia de prensa <a href=\"https:\/\/www.locoxelrojo.com\/independiente\/2022\/08\/13\/independiente-empato-en-el-sur\/\">tras el empate 1-1 entre Independiente y Lan\u00fas<\/a>. El Rojo jug\u00f3 mal y el entrenador <strong>dispar\u00f3 contra Daniel Montenegro por el armado del plantel.<\/strong><\/p>\n<p><strong>&#8220;Tuvimos el control del juego, pero no la habilidad para poder romper el cerco que nos plante\u00f3 el equipo rival. No fuimos lo profundo que hubi\u00e9ramos querido. Nos cost\u00f3 ante un equipo que se agrup\u00f3 bien y nos cerr\u00f3 los caminos centrales. A veces eso es dif\u00edcil de solucionar, seguramente con trabajo lo tendremos que lograr&#8221;<\/strong>, explic\u00f3 el Emperador.<\/p>\n<p>Y sum\u00f3: <strong>&#8220;No creo que haya sido el peor partido que hemos tenido, pero no lo hicimos bien y no estamos conformes&#8221;<\/strong>.<\/p>\n<p>Para cerrar, abri\u00f3 innecesariamente una herida que parec\u00eda estar cerrada. Sin nombrarlo, le peg\u00f3 al Rolfi: <strong>&#8220;Seguiremos buscando las alternativas, como lo venimos haciendo d\u00eda a d\u00eda. Los jugadores se entregan al m\u00e1ximo. Tenemos que improvisar en algunas posiciones porque no hay recambio en base a lo que arm\u00f3 el M\u00e1nager. El armado de un plantel es el partido m\u00e1s importante del M\u00e1nager y hoy estamos limitados. Adem\u00e1s de haber jugado bien a la pelota hay que saber manejar estas cuestiones&#8221;<\/strong>.<\/p>\n","protected":false},"excerpt":{"rendered":"<p>Julio C\u00e9sar Falcioni habl\u00f3 en conferencia de prensa tras el empate 1-1 entre Independiente y Lan\u00fas. El Rojo jug\u00f3 mal y el entrenador dispar\u00f3 contra Daniel Montenegro por el armado del plantel. &#8220;Tuvimos el control del juego, pero no la habilidad para poder romper el cerco que nos plante\u00f3 el equipo rival. No fuimos lo [&hellip;]<\/p>\n","protected":false},"author":1,"featured_media":107637,"comment_status":"open","ping_status":"closed","sticky":false,"template":"","format":"standard","meta":{"_links_to":"","_links_to_target":""},"categories":[3247,3],"tags":[153,1859,385,5193],"_links":{"self":[{"href":"https:\/\/www.locoxelrojo.com\/independiente\/wp-json\/wp\/v2\/posts\/107631"}],"collection":[{"href":"https:\/\/www.locoxelrojo.com\/independiente\/wp-json\/wp\/v2\/posts"}],"about":[{"href":"https:\/\/www.locoxelrojo.com\/independiente\/wp-json\/wp\/v2\/types\/post"}],"author":[{"embeddable":true,"href":"https:\/\/www.locoxelrojo.com\/independiente\/wp-json\/wp\/v2\/users\/1"}],"replies":[{"embeddable":true,"href":"https:\/\/www.locoxelrojo.com\/independiente\/wp-json\/wp\/v2\/comments?post=107631"}],"version-history":[{"count":1,"href":"https:\/\/www.locoxelrojo.com\/independiente\/wp-json\/wp\/v2\/posts\/107631\/revisions"}],"predecessor-version":[{"id":107638,"href":"https:\/\/www.locoxelrojo.com\/independiente\/wp-json\/wp\/v2\/posts\/107631\/revisions\/107638"}],"wp:featuredmedia":[{"embeddable":true,"href":"https:\/\/www.locoxelrojo.com\/independiente\/wp-json\/wp\/v2\/media\/107637"}],"wp:attachment":[{"href":"https:\/\/www.locoxelrojo.com\/independiente\/wp-json\/wp\/v2\/media?parent=107631"}],"wp:term":[{"taxonomy":"category","embeddable":true,"href":"https:\/\/www.locoxelrojo.com\/independiente\/wp-json\/wp\/v2\/categories?post=107631"},{"taxonomy":"post_tag","embeddable":true,"href":"https:\/\/www.locoxelrojo.com\/independiente\/wp-json\/wp\/v2\/tags?post=107631"}],"curies":[{"name":"wp","href":"https:\/\/api.w.org\/{rel}","templated":true}]}}