{"id":107675,"date":"2022-08-15T21:35:21","date_gmt":"2022-08-16T00:35:21","guid":{"rendered":"https:\/\/www.locoxelrojo.com\/independiente\/?p=107675"},"modified":"2022-08-15T22:39:40","modified_gmt":"2022-08-16T01:39:40","slug":"montenegro-falcioni-en-la-cara-no-me-dijo-nada-de-lo-que-declaro-el-otro-dia","status":"publish","type":"post","link":"https:\/\/www.locoxelrojo.com\/independiente\/2022\/08\/15\/montenegro-falcioni-en-la-cara-no-me-dijo-nada-de-lo-que-declaro-el-otro-dia\/","title":{"rendered":"Montenegro: &#8220;Falcioni en la cara no me dijo nada de lo que declar\u00f3 el otro d\u00eda&#8221;"},"content":{"rendered":"<p><strong>Daniel Montenegro sali\u00f3 con los tapones de punta a responder los dichos de Julio C\u00e9sar Falcioni.<\/strong><\/p>\n<p>En conferencia de prensa, ya <a href=\"https:\/\/www.locoxelrojo.com\/independiente\/2022\/08\/13\/independiente-empato-en-el-sur\/\">con la derrota ante Lan\u00fas consumada<\/a>, Falcioni <a href=\"https:\/\/www.locoxelrojo.com\/independiente\/2022\/08\/13\/falcioni-no-hay-recambio-tenemos-que-improvisar-por-lo-que-armo-el-manager\/\">responsabiliz\u00f3 al Rolfi por el armado del plantel y la falta de jugadores en ciertas posiciones<\/a>. Algo que podr\u00eda haber mencionado el d\u00eda que asumi\u00f3, sin embargo, <strong>el Emperador decidi\u00f3 manifestar que hab\u00eda encontrado &#8220;un grupo con m\u00e1s variantes&#8221;<\/strong>.<\/p>\n<p><strong>&#8220;Me sorprendi\u00f3 la declaraci\u00f3n, no s\u00e9 si era el momento. Cada uno es libre de decir lo que quiera, pero es la primera vez que escucho que un M\u00e1nager tiene m\u00e1s responsabilidad que los dirigentes y un DT. Eso es en Europa, ac\u00e1 estamos en Argentina&#8221;<\/strong>, manifest\u00f3 en Radio La Red. <strong>&#8220;Me hubiese encantado armar el equipo que ten\u00edamos en mente, pero depend\u00edamos de muchos factores. Yo me hago cargo de lo arm\u00e9. Ten\u00edamos un proyecto, pero la salida de Falcioni fue una decisi\u00f3n dirigencial. Ac\u00e1 hay un presidente y luego dirigentes. Hay que asesorarse un poco mejor\u201d<\/strong>, sum\u00f3.<\/p>\n<p>Luego, aclar\u00f3 que ambos se vieron en otros lugares y no hubo reproches: <strong>&#8220;Me tuvo dos veces cara a cara y no me dijo nada de lo que declar\u00f3 el otro d\u00eda. Me lo cruc\u00e9 en la playa a Falcioni, pero cansa aclarar lo que pas\u00f3. Me hace ruido que ponga en la cabeza, yo era asesor y la decisi\u00f3n fue dirigencial&#8221;<\/strong>. Y agreg\u00f3: <strong>&#8220;Duele cuando se habla de capacidad. A mi no me gusta pelear con nadie, porque no soy as\u00ed, pero ya cuando se meten conmigo. Habla de capacidad alguien que a uno no lo conoce y molesta un poco. La contestaci\u00f3n de ahora es porque se meti\u00f3 directamente conmigo&#8221;<\/strong>.<\/p>\n<p><strong>&#8220;\u00bfSe dice que hab\u00eda mala preparaci\u00f3n f\u00edsica? Hay que tener un poco de respeto. Eduardo Dom\u00ednguez entrenaba de 8 a 18, triple turno y antes de los partidos. Hasta se quedaba con los que no entrenaban con el grupo. Yo me hago cargo de lo que arm\u00e9 y del proyecto, hubiese sido m\u00e1s f\u00e1cil entrar al club en otro momento, pero decid\u00ed arriesgarme. Cometimos errores, nadie los hace adrede y hay que analizar los momentos. Nos hacemos cargo de la posici\u00f3n en la tabla,pero ojo que tambi\u00e9n el contexto no es el de ahora eh, donde la gente llena la cancha con River para apoyar&#8221;<\/strong>, cerr\u00f3.<\/p>\n","protected":false},"excerpt":{"rendered":"<p>Daniel Montenegro sali\u00f3 con los tapones de punta a responder los dichos de Julio C\u00e9sar Falcioni. En conferencia de prensa, ya con la derrota ante Lan\u00fas consumada, Falcioni responsabiliz\u00f3 al Rolfi por el armado del plantel y la falta de jugadores en ciertas posiciones. Algo que podr\u00eda haber mencionado el d\u00eda que asumi\u00f3, sin embargo, [&hellip;]<\/p>\n","protected":false},"author":1,"featured_media":105744,"comment_status":"open","ping_status":"closed","sticky":false,"template":"","format":"standard","meta":{"_links_to":"","_links_to_target":""},"categories":[3280,3247],"tags":[1859,385],"_links":{"self":[{"href":"https:\/\/www.locoxelrojo.com\/independiente\/wp-json\/wp\/v2\/posts\/107675"}],"collection":[{"href":"https:\/\/www.locoxelrojo.com\/independiente\/wp-json\/wp\/v2\/posts"}],"about":[{"href":"https:\/\/www.locoxelrojo.com\/independiente\/wp-json\/wp\/v2\/types\/post"}],"author":[{"embeddable":true,"href":"https:\/\/www.locoxelrojo.com\/independiente\/wp-json\/wp\/v2\/users\/1"}],"replies":[{"embeddable":true,"href":"https:\/\/www.locoxelrojo.com\/independiente\/wp-json\/wp\/v2\/comments?post=107675"}],"version-history":[{"count":1,"href":"https:\/\/www.locoxelrojo.com\/independiente\/wp-json\/wp\/v2\/posts\/107675\/revisions"}],"predecessor-version":[{"id":107676,"href":"https:\/\/www.locoxelrojo.com\/independiente\/wp-json\/wp\/v2\/posts\/107675\/revisions\/107676"}],"wp:featuredmedia":[{"embeddable":true,"href":"https:\/\/www.locoxelrojo.com\/independiente\/wp-json\/wp\/v2\/media\/105744"}],"wp:attachment":[{"href":"https:\/\/www.locoxelrojo.com\/independiente\/wp-json\/wp\/v2\/media?parent=107675"}],"wp:term":[{"taxonomy":"category","embeddable":true,"href":"https:\/\/www.locoxelrojo.com\/independiente\/wp-json\/wp\/v2\/categories?post=107675"},{"taxonomy":"post_tag","embeddable":true,"href":"https:\/\/www.locoxelrojo.com\/independiente\/wp-json\/wp\/v2\/tags?post=107675"}],"curies":[{"name":"wp","href":"https:\/\/api.w.org\/{rel}","templated":true}]}}