{"id":107701,"date":"2022-08-16T23:20:42","date_gmt":"2022-08-17T02:20:42","guid":{"rendered":"https:\/\/www.locoxelrojo.com\/independiente\/?p=107701"},"modified":"2022-08-17T02:11:23","modified_gmt":"2022-08-17T05:11:23","slug":"falcioni-lo-primero-que-hago-es-entender-a-la-gente","status":"publish","type":"post","link":"https:\/\/www.locoxelrojo.com\/independiente\/2022\/08\/16\/falcioni-lo-primero-que-hago-es-entender-a-la-gente\/","title":{"rendered":"Falcioni: \u201cLo primero que hago es entender a la gente, jugamos mal\u201d"},"content":{"rendered":"<p><strong>Julio C\u00e9sar Falcioni habl\u00f3 en conferencia de prensa<\/strong> luego del <a href=\"https:\/\/www.locoxelrojo.com\/independiente\/2022\/08\/16\/otro-palido-empate\/\">empate 1-1 de Independiente frente a Hurac\u00e1n<\/a> por la fecha 14 de la <strong>Liga Profesional<\/strong>.<\/p>\n<p><strong>\u201cLo primero que hago es entender a la gente. Es l\u00f3gico. Jugamos mal. Tenemos que buscar la reacci\u00f3n, trabajar y darle confianza a algunos jugadores&#8221;<\/strong>, comenz\u00f3 diciendo el entrenador del Rojo.<\/p>\n<p>Luego, el Emperador sum\u00f3: <strong>&#8220;En los primeros minutos le jugamos al adversario como quer\u00edamos, por el apuro o por imprecisiones erramos muchos pases&#8221;.<\/strong><\/p>\n<p>En la misma l\u00ednea, el t\u00e9cnico manifest\u00f3: <strong>&#8220;El apuro nos jug\u00f3 en contra, lo hab\u00edamos hablado en el entretiempo para que nos tranquiliz\u00e1ramos porque hab\u00eda muchas dudas al comienzo, cedimos la pelota y no gan\u00e1bamos la segunda pelota, eso nos hizo retroceder un poquito m\u00e1s&#8221;.<\/strong><\/p>\n<p>En un an\u00e1lisis m\u00e1s profundo del encuentro, asegur\u00f3: <strong>&#8220;Sab\u00eda que el emprendimiento no era f\u00e1cil, hoy en la defensa tuvimos que cambiar dos nombres, no es excusa. En el medio tambi\u00e9n hicimos algunas variantes. No fuimos lo suficientemente precisos para adue\u00f1arnos del juego y ser m\u00e1s profundos&#8221;<\/strong>.<\/p>\n<p>Por \u00faltimo, <strong>Falcioni<\/strong> se expres\u00f3 sobre la expulsi\u00f3n de <strong>Facundo Ferreyra<\/strong> y abri\u00f3 la puerta a la vuelta de <strong>Sebasti\u00e1n Sosa<\/strong> al arco del Rojo: <strong>&#8220;Creo que el juez iba a sacar la amarilla y le avisaron que era roja. Para m\u00ed la expulsi\u00f3n est\u00e1 bien. Seba est\u00e1 muy bien y tiene la convocatoria en la selecci\u00f3n, as\u00ed que veremos&#8221;.<\/strong><\/p>\n<blockquote class=\"twitter-tweet\">\n<p dir=\"ltr\" lang=\"es\">&#8220;Entiendo la reacci\u00f3n de la gente. No jugamos bien. Tenemos que trabajar y darle confianza a algunos jugadores&#8221;.<\/p>\n<p>&#x1f399;&#xfe0f; <a href=\"https:\/\/twitter.com\/JulioFalcioniDT?ref_src=twsrc%5Etfw\">@JulioFalcioniDT<\/a> <a href=\"https:\/\/t.co\/EoftmybJhP\">pic.twitter.com\/EoftmybJhP<\/a><\/p>\n<p>\u2014 C. A. Independiente (@Independiente) <a href=\"https:\/\/twitter.com\/Independiente\/status\/1559739707415822338?ref_src=twsrc%5Etfw\">August 17, 2022<\/a><\/p><\/blockquote>\n<p><script async src=\"https:\/\/platform.twitter.com\/widgets.js\" charset=\"utf-8\"><\/script><\/p>\n","protected":false},"excerpt":{"rendered":"<p>Julio C\u00e9sar Falcioni habl\u00f3 en conferencia de prensa luego del empate 1-1 de Independiente frente a Hurac\u00e1n por la fecha 14 de la Liga Profesional. \u201cLo primero que hago es entender a la gente. Es l\u00f3gico. Jugamos mal. Tenemos que buscar la reacci\u00f3n, trabajar y darle confianza a algunos jugadores&#8221;, comenz\u00f3 diciendo el entrenador del [&hellip;]<\/p>\n","protected":false},"author":101031,"featured_media":107702,"comment_status":"open","ping_status":"closed","sticky":false,"template":"","format":"standard","meta":{"_links_to":"","_links_to_target":""},"categories":[3247,3],"tags":[153,310,385,5193],"_links":{"self":[{"href":"https:\/\/www.locoxelrojo.com\/independiente\/wp-json\/wp\/v2\/posts\/107701"}],"collection":[{"href":"https:\/\/www.locoxelrojo.com\/independiente\/wp-json\/wp\/v2\/posts"}],"about":[{"href":"https:\/\/www.locoxelrojo.com\/independiente\/wp-json\/wp\/v2\/types\/post"}],"author":[{"embeddable":true,"href":"https:\/\/www.locoxelrojo.com\/independiente\/wp-json\/wp\/v2\/users\/101031"}],"replies":[{"embeddable":true,"href":"https:\/\/www.locoxelrojo.com\/independiente\/wp-json\/wp\/v2\/comments?post=107701"}],"version-history":[{"count":5,"href":"https:\/\/www.locoxelrojo.com\/independiente\/wp-json\/wp\/v2\/posts\/107701\/revisions"}],"predecessor-version":[{"id":107708,"href":"https:\/\/www.locoxelrojo.com\/independiente\/wp-json\/wp\/v2\/posts\/107701\/revisions\/107708"}],"wp:featuredmedia":[{"embeddable":true,"href":"https:\/\/www.locoxelrojo.com\/independiente\/wp-json\/wp\/v2\/media\/107702"}],"wp:attachment":[{"href":"https:\/\/www.locoxelrojo.com\/independiente\/wp-json\/wp\/v2\/media?parent=107701"}],"wp:term":[{"taxonomy":"category","embeddable":true,"href":"https:\/\/www.locoxelrojo.com\/independiente\/wp-json\/wp\/v2\/categories?post=107701"},{"taxonomy":"post_tag","embeddable":true,"href":"https:\/\/www.locoxelrojo.com\/independiente\/wp-json\/wp\/v2\/tags?post=107701"}],"curies":[{"name":"wp","href":"https:\/\/api.w.org\/{rel}","templated":true}]}}