{"id":107751,"date":"2022-08-19T20:01:47","date_gmt":"2022-08-19T23:01:47","guid":{"rendered":"https:\/\/www.locoxelrojo.com\/independiente\/?p=107751"},"modified":"2022-08-20T15:48:41","modified_gmt":"2022-08-20T18:48:41","slug":"dias-y-horarios-para-las-fechas-16-17-y-18","status":"publish","type":"post","link":"https:\/\/www.locoxelrojo.com\/independiente\/2022\/08\/19\/dias-y-horarios-para-las-fechas-16-17-y-18\/","title":{"rendered":"D\u00edas y horarios para las fechas 16, 17 y 18"},"content":{"rendered":"<p><strong>La Asociaci\u00f3n del F\u00fatbol Argentino confirm\u00f3 los d\u00edas y horarios de las pr\u00f3ximas tres fechas de la Liga Profesional.<\/strong><\/p>\n<p>Despu\u00e9s de visitar a Godoy Cruz este domingo a las 15:30, <strong>Independiente recibir\u00e1 a V\u00e9lez el domingo 28 de agosto desde las 15:30<\/strong> en el Estadio Libertadores de Am\u00e9rica \u2013 Ricardo Enrique Bochini, por la fecha 16 del campeonato.<\/p>\n<p>El s\u00e1bado siguiente, <strong>el 3 de septiembre a las 20:30, el Rojo visitar\u00e1 a Gimnasia<\/strong> en La Plata por la jornada 17.<\/p>\n<p>Finalmente, cuatro d\u00edas m\u00e1s tarde, el equipo de Julio C\u00e9sar Falcioni volver\u00e1 a salir a la cancha de local. <strong>Recibir\u00e1 a Aldosivi en Avellaneda el jueves 8 de septiembre desde las 18:00<\/strong>.<\/p>\n","protected":false},"excerpt":{"rendered":"<p>La Asociaci\u00f3n del F\u00fatbol Argentino confirm\u00f3 los d\u00edas y horarios de las pr\u00f3ximas tres fechas de la Liga Profesional. Despu\u00e9s de visitar a Godoy Cruz este domingo a las 15:30, Independiente recibir\u00e1 a V\u00e9lez el domingo 28 de agosto desde las 15:30 en el Estadio Libertadores de Am\u00e9rica \u2013 Ricardo Enrique Bochini, por la fecha [&hellip;]<\/p>\n","protected":false},"author":8,"featured_media":106357,"comment_status":"open","ping_status":"closed","sticky":false,"template":"","format":"standard","meta":{"_links_to":"","_links_to_target":""},"categories":[3280,3247],"tags":[516,153,483,5193,2722],"_links":{"self":[{"href":"https:\/\/www.locoxelrojo.com\/independiente\/wp-json\/wp\/v2\/posts\/107751"}],"collection":[{"href":"https:\/\/www.locoxelrojo.com\/independiente\/wp-json\/wp\/v2\/posts"}],"about":[{"href":"https:\/\/www.locoxelrojo.com\/independiente\/wp-json\/wp\/v2\/types\/post"}],"author":[{"embeddable":true,"href":"https:\/\/www.locoxelrojo.com\/independiente\/wp-json\/wp\/v2\/users\/8"}],"replies":[{"embeddable":true,"href":"https:\/\/www.locoxelrojo.com\/independiente\/wp-json\/wp\/v2\/comments?post=107751"}],"version-history":[{"count":2,"href":"https:\/\/www.locoxelrojo.com\/independiente\/wp-json\/wp\/v2\/posts\/107751\/revisions"}],"predecessor-version":[{"id":107769,"href":"https:\/\/www.locoxelrojo.com\/independiente\/wp-json\/wp\/v2\/posts\/107751\/revisions\/107769"}],"wp:featuredmedia":[{"embeddable":true,"href":"https:\/\/www.locoxelrojo.com\/independiente\/wp-json\/wp\/v2\/media\/106357"}],"wp:attachment":[{"href":"https:\/\/www.locoxelrojo.com\/independiente\/wp-json\/wp\/v2\/media?parent=107751"}],"wp:term":[{"taxonomy":"category","embeddable":true,"href":"https:\/\/www.locoxelrojo.com\/independiente\/wp-json\/wp\/v2\/categories?post=107751"},{"taxonomy":"post_tag","embeddable":true,"href":"https:\/\/www.locoxelrojo.com\/independiente\/wp-json\/wp\/v2\/tags?post=107751"}],"curies":[{"name":"wp","href":"https:\/\/api.w.org\/{rel}","templated":true}]}}