{"id":10788,"date":"2011-09-06T15:17:49","date_gmt":"2011-09-06T18:17:49","guid":{"rendered":"http:\/\/www.locoxelrojo.com.ar\/independiente\/?p=10788"},"modified":"2015-09-15T20:59:43","modified_gmt":"2015-09-15T23:59:43","slug":"pablo-moyano-julio-tiene-que-ser-mas-duro-con-esta-gente","status":"publish","type":"post","link":"https:\/\/www.locoxelrojo.com\/independiente\/2011\/09\/06\/pablo-moyano-julio-tiene-que-ser-mas-duro-con-esta-gente\/","title":{"rendered":"Pablo Moyano: &#8220;Comparada tiene que ser m\u00e1s duro con esta gente&#8221;"},"content":{"rendered":"<p><a href=\"http:\/\/www.locoxelrojo.com.ar\/independiente\/wp-content\/uploads\/2011\/09\/hugo_pablomoyano.jpg\"><img loading=\"lazy\" class=\"alignnone size-full wp-image-10789\" title=\"hugo_pablomoyano\" src=\"http:\/\/www.locoxelrojo.com.ar\/independiente\/wp-content\/uploads\/2011\/09\/hugo_pablomoyano.jpg\" alt=\"\" width=\"590\" height=\"315\" srcset=\"https:\/\/locoxelrojo.com\/independiente\/wp-content\/uploads\/2011\/09\/hugo_pablomoyano.jpg 590w, https:\/\/locoxelrojo.com\/independiente\/wp-content\/uploads\/2011\/09\/hugo_pablomoyano-300x160.jpg 300w\" sizes=\"(max-width: 590px) 100vw, 590px\" \/><\/a> El encargado del F\u00fatbol Amateur, <strong>Pablo Moyano, <\/strong>dialog\u00f3<strong> con Radio La Red <\/strong>y\u00a0repudi\u00f3 el episodio ocurrido con la Barra el \u00faltimo domingo luego de la derrota frente a Boca. Adem\u00e1s, destac\u00f3 que no saben si apoyaran o no al oficialismo en diciembre y agreg\u00f3 que el t\u00e9cnico no debe salir de Martino o Gallego. <strong>&#8220;El Turco es un buen tipo, gan\u00f3 una copa despu\u00e9s de muchos a\u00f1os y lamentablemente no se le dieron los resultados&#8221;<\/strong>, comenz\u00f3 destacando el dirigente sindical quien r\u00e1pidamente agreg\u00f3 que <strong>&#8220;en un mes perdi\u00f3 2 copas y con Boca, jugando mejor o peor los resultados mandan y el domingo fue decisivo&#8221;.<\/strong> Sin embargo, Pablo Moyano se mostr\u00f3 en contra de los insultos en el hall. <strong>&#8220;Comparto lo del Turco, el 90% de la gente no insult\u00f3 y se vio como fue el tema por la tele. No s\u00e9 si fue armado pero a los muchachos se les fue la mano. Yo repudio lo sucedido como Presidente del F\u00fatbol Amateur, nunca estar\u00eda involucrado en una cosa de estas&#8221;<\/strong>, lament\u00f3. Adem\u00e1s, advirti\u00f3 que se est\u00e1n haciendo las cosas mal.<strong> &#8220;Desde el 2002 no gan\u00e1bamos nada ni particip\u00e1bamos por la definici\u00f3n de un campeonato. No podemos estar cambiando cada 3 o 4 meses el DT sino vamos a terminar peor que River.&#8221;<\/strong> En la balanza, tambi\u00e9n puso a los jugadores.<strong> &#8220;Tienen cuota de responsabilidad importante, ganan y pierden los partidos, lo de Jap\u00f3n fue lamentable. Se rumorea que no entrenan y lo que todos sabemos<\/strong>&#8220;, aclar\u00f3. Por \u00faltimo, anhel\u00f3 un cargo superior y responsabiliz\u00f3 a Julio Comparada por la situaci\u00f3n actual. &#8220;<strong>El responsable votado por los socios es el Presidente, Julio tiene que ser m\u00e1s duro con esta gente. Hasta ac\u00e1 llegamos viejo, hoy le pas\u00f3 un t\u00e9cnico y ma\u00f1ana no se sabe lo que puede llegar a pasar&#8221;, <\/strong>reproch\u00f3. Para culminar, dej\u00f3 abierta la puerta de cara a diciembre. <strong>&#8220;Seguiremos hablando con las agruapciones, yo como hincha lo sigo desde la cuna y ocupar un cargo es un sue\u00f1o. No descarto que acompa\u00f1emos en diciembre o encabecemos una alternativa. El gremio consume tiempo pero no descarto nada, con este movimiento me vinieron a buscar de todos lados&#8221;<\/strong>, concluy\u00f3. <strong>Escucha el audio ac\u00e1:<\/strong> <object width=\"590\" height=\"333\"><param name=\"movie\" value=\"http:\/\/www.youtube.com\/v\/TvJwqIWCOek?version=3&amp;hl=es_ES\"><\/param><param name=\"allowFullScreen\" value=\"true\"><\/param><param name=\"allowscriptaccess\" value=\"always\"><\/param><embed src=\"http:\/\/www.youtube.com\/v\/TvJwqIWCOek?version=3&amp;hl=es_ES\" type=\"application\/x-shockwave-flash\" width=\"590\" height=\"333\" allowscriptaccess=\"always\" allowfullscreen=\"true\"><\/embed><\/object><\/p>\n","protected":false},"excerpt":{"rendered":"<p>El encargado del F\u00fatbol Amateur, Pablo Moyano, dialog\u00f3 con Radio La Red y\u00a0repudi\u00f3 el episodio ocurrido con la Barra el \u00faltimo domingo luego de la derrota frente a Boca. Adem\u00e1s, destac\u00f3 que no saben si apoyaran o no al oficialismo en diciembre y agreg\u00f3 que el t\u00e9cnico no debe salir de Martino o Gallego. &#8220;El [&hellip;]<\/p>\n","protected":false},"author":1,"featured_media":0,"comment_status":"open","ping_status":"open","sticky":false,"template":"","format":"standard","meta":{"_links_to":"","_links_to_target":""},"categories":[3,4,1],"tags":[2850,153,33,439],"_links":{"self":[{"href":"https:\/\/www.locoxelrojo.com\/independiente\/wp-json\/wp\/v2\/posts\/10788"}],"collection":[{"href":"https:\/\/www.locoxelrojo.com\/independiente\/wp-json\/wp\/v2\/posts"}],"about":[{"href":"https:\/\/www.locoxelrojo.com\/independiente\/wp-json\/wp\/v2\/types\/post"}],"author":[{"embeddable":true,"href":"https:\/\/www.locoxelrojo.com\/independiente\/wp-json\/wp\/v2\/users\/1"}],"replies":[{"embeddable":true,"href":"https:\/\/www.locoxelrojo.com\/independiente\/wp-json\/wp\/v2\/comments?post=10788"}],"version-history":[{"count":0,"href":"https:\/\/www.locoxelrojo.com\/independiente\/wp-json\/wp\/v2\/posts\/10788\/revisions"}],"wp:attachment":[{"href":"https:\/\/www.locoxelrojo.com\/independiente\/wp-json\/wp\/v2\/media?parent=10788"}],"wp:term":[{"taxonomy":"category","embeddable":true,"href":"https:\/\/www.locoxelrojo.com\/independiente\/wp-json\/wp\/v2\/categories?post=10788"},{"taxonomy":"post_tag","embeddable":true,"href":"https:\/\/www.locoxelrojo.com\/independiente\/wp-json\/wp\/v2\/tags?post=10788"}],"curies":[{"name":"wp","href":"https:\/\/api.w.org\/{rel}","templated":true}]}}