{"id":107917,"date":"2022-08-28T17:55:57","date_gmt":"2022-08-28T20:55:57","guid":{"rendered":"https:\/\/www.locoxelrojo.com\/independiente\/?p=107917"},"modified":"2022-08-29T00:26:20","modified_gmt":"2022-08-29T03:26:20","slug":"falcioni-sosa-buscaba-una-convocatoria-al-mundial-era-necesario-que-jugara","status":"publish","type":"post","link":"https:\/\/www.locoxelrojo.com\/independiente\/2022\/08\/28\/falcioni-sosa-buscaba-una-convocatoria-al-mundial-era-necesario-que-jugara\/","title":{"rendered":"Falcioni: &#8220;Sosa buscaba una convocatoria al Mundial, era necesario que jugara&#8221;"},"content":{"rendered":"<p><strong>Julio C\u00e9sar Falcioni<\/strong> habl\u00f3 en conferencia de prensa luego del empate frente a V\u00e9lez como local, analiz\u00f3 el partido de Independiente y dej\u00f3 una frase pol\u00e9mica sobre la vuelta de Sebasti\u00e1n Sosa como titular.<\/p>\n<p><strong>&#8220;Creo que hicimos muy buen primer tiempo, donde presionamos e hicimos perder la pelota y salimos r\u00e1pido. De hecho, nos pusimos en ventaja, creo yo que muy justamente&#8221;<\/strong>, inici\u00f3 el t\u00e9cnico de Independiente. Y agreg\u00f3: <strong>&#8220;En el segundo tiempo la idea fue seguir haciendo lo mismo, tratar de sostener el ritmo y no pudimos. No pudimos hilvanar la secuencia de pases del primer tiempo, un poco por la presi\u00f3n del rival y un poco la presi\u00f3n de ganar&#8221;<\/strong>.<\/p>\n<p>Falcioni se mostr\u00f3 en desacuerdo con los gritos de los hinchas que le reclamaban un juego m\u00e1s ofensivo: <strong>&#8220;Escuch\u00e9 el pedido de la gente para que saque al equipo. Si el hincha cree esto, est\u00e1 bien, lo dejo ah\u00ed. Yo no tiro al equipo atr\u00e1s. En el segundo tiempo entraron todos volantes ofensivos y delanteros&#8221;<\/strong>.<\/p>\n<p>La pol\u00e9mica lleg\u00f3 cuando el entrenador del Rey de Copas habl\u00f3 sobre los motivos de la vuelta a la titularidad de Sosa: <strong>&#8220;Es un muy buen profesional, ha trabajado siempre a la altura. Est\u00e1 tambi\u00e9n buscando una convocatoria para el Mundial, era necesario a mi criterio que jugara y que tuviera participaci\u00f3n&#8221;<\/strong>.<\/p>\n<p>Adem\u00e1s, el Emperador defendi\u00f3 al uruguayo y lo libr\u00f3 de culpas sobre el gol del Fort\u00edn en el final:<strong> &#8220;Lo hab\u00eda hecho correctamente, de hecho creo que no hab\u00eda tenido ninguna intervenci\u00f3n complicada. En la \u00faltima jugada casi del partido le llega la pelota y quiz\u00e1s si la agarraba el \u00e1rbitro se la cobraba creyendo que hab\u00eda sido un pase&#8221;<\/strong>.<\/p>\n","protected":false},"excerpt":{"rendered":"<p>Julio C\u00e9sar Falcioni habl\u00f3 en conferencia de prensa luego del empate frente a V\u00e9lez como local, analiz\u00f3 el partido de Independiente y dej\u00f3 una frase pol\u00e9mica sobre la vuelta de Sebasti\u00e1n Sosa como titular. &#8220;Creo que hicimos muy buen primer tiempo, donde presionamos e hicimos perder la pelota y salimos r\u00e1pido. De hecho, nos pusimos [&hellip;]<\/p>\n","protected":false},"author":101030,"featured_media":107919,"comment_status":"open","ping_status":"closed","sticky":false,"template":"","format":"standard","meta":{"_links_to":"","_links_to_target":""},"categories":[3247,3],"tags":[153,385,5193,4645,2722],"_links":{"self":[{"href":"https:\/\/www.locoxelrojo.com\/independiente\/wp-json\/wp\/v2\/posts\/107917"}],"collection":[{"href":"https:\/\/www.locoxelrojo.com\/independiente\/wp-json\/wp\/v2\/posts"}],"about":[{"href":"https:\/\/www.locoxelrojo.com\/independiente\/wp-json\/wp\/v2\/types\/post"}],"author":[{"embeddable":true,"href":"https:\/\/www.locoxelrojo.com\/independiente\/wp-json\/wp\/v2\/users\/101030"}],"replies":[{"embeddable":true,"href":"https:\/\/www.locoxelrojo.com\/independiente\/wp-json\/wp\/v2\/comments?post=107917"}],"version-history":[{"count":3,"href":"https:\/\/www.locoxelrojo.com\/independiente\/wp-json\/wp\/v2\/posts\/107917\/revisions"}],"predecessor-version":[{"id":107921,"href":"https:\/\/www.locoxelrojo.com\/independiente\/wp-json\/wp\/v2\/posts\/107917\/revisions\/107921"}],"wp:featuredmedia":[{"embeddable":true,"href":"https:\/\/www.locoxelrojo.com\/independiente\/wp-json\/wp\/v2\/media\/107919"}],"wp:attachment":[{"href":"https:\/\/www.locoxelrojo.com\/independiente\/wp-json\/wp\/v2\/media?parent=107917"}],"wp:term":[{"taxonomy":"category","embeddable":true,"href":"https:\/\/www.locoxelrojo.com\/independiente\/wp-json\/wp\/v2\/categories?post=107917"},{"taxonomy":"post_tag","embeddable":true,"href":"https:\/\/www.locoxelrojo.com\/independiente\/wp-json\/wp\/v2\/tags?post=107917"}],"curies":[{"name":"wp","href":"https:\/\/api.w.org\/{rel}","templated":true}]}}