{"id":108065,"date":"2022-09-07T13:48:32","date_gmt":"2022-09-07T16:48:32","guid":{"rendered":"https:\/\/www.locoxelrojo.com\/independiente\/?p=108065"},"modified":"2022-09-07T13:48:32","modified_gmt":"2022-09-07T16:48:32","slug":"falcioni-mete-3-cambios","status":"publish","type":"post","link":"https:\/\/www.locoxelrojo.com\/independiente\/2022\/09\/07\/falcioni-mete-3-cambios\/","title":{"rendered":"\u00bfDoble 5 y doble 9?"},"content":{"rendered":"<p><strong>Independiente recibir\u00e1 a Aldosivi<\/strong> en el Libertadores de Am\u00e9rica \u2013 Ricardo Enrique Bochini, en un <strong>encuentro clave para la continuidad de Julio C\u00e9sar Falcioni<\/strong> al frente del plantel profesional.<\/p>\n<p>Con respecto a la <a href=\"https:\/\/www.locoxelrojo.com\/independiente\/2022\/09\/03\/en-caida-libre-3\/\">derrota ante Gimnasia de La Plata<\/a>, <strong>el Emperador modificar\u00e1 3 nombres<\/strong> en el equipo inicial.<\/p>\n<p><strong>Milton \u00c1lvarez volver\u00e1 a defender el arco<\/strong> del Rey de Copas, reemplazando a <strong>Sebasti\u00e1n Sosa<\/strong>. En el medio de la cancha, <strong>Iv\u00e1n Marcone ingresar\u00e1 por Lucas Gonz\u00e1les,<\/strong> buscando formar un doble 5 junto a Lucas Romero.<\/p>\n<p>En la delantera, <strong>Leandro Benegas reaparecer\u00e1 en lugar de Alan So\u00f1ora<\/strong> para conformar la dupla con Facundo Ferreyra. Finalmente, <strong>Tom\u00e1s Pozzo esperar\u00e1 nuevamente en el banco<\/strong> de suplentes.<\/p>\n<p>De esta manera, la formaci\u00f3n inicial de Falcioni ser\u00eda: <strong>\u00c1lvarez; Alex Vigo, Sergio Barreto, Juan Manuel Insaurralde, Edgar Elizalde; Dami\u00e1n Batallini, Romero, Marcone, Leandro Fern\u00e1ndez; Benegas y Ferreyra.<\/strong><\/p>\n","protected":false},"excerpt":{"rendered":"<p>Independiente recibir\u00e1 a Aldosivi en el Libertadores de Am\u00e9rica \u2013 Ricardo Enrique Bochini, en un encuentro clave para la continuidad de Julio C\u00e9sar Falcioni al frente del plantel profesional. Con respecto a la derrota ante Gimnasia de La Plata, el Emperador modificar\u00e1 3 nombres en el equipo inicial. Milton \u00c1lvarez volver\u00e1 a defender el arco [&hellip;]<\/p>\n","protected":false},"author":101029,"featured_media":107314,"comment_status":"open","ping_status":"closed","sticky":false,"template":"","format":"standard","meta":{"_links_to":"","_links_to_target":""},"categories":[3247,3],"tags":[153,2729,385,5128,3956],"_links":{"self":[{"href":"https:\/\/www.locoxelrojo.com\/independiente\/wp-json\/wp\/v2\/posts\/108065"}],"collection":[{"href":"https:\/\/www.locoxelrojo.com\/independiente\/wp-json\/wp\/v2\/posts"}],"about":[{"href":"https:\/\/www.locoxelrojo.com\/independiente\/wp-json\/wp\/v2\/types\/post"}],"author":[{"embeddable":true,"href":"https:\/\/www.locoxelrojo.com\/independiente\/wp-json\/wp\/v2\/users\/101029"}],"replies":[{"embeddable":true,"href":"https:\/\/www.locoxelrojo.com\/independiente\/wp-json\/wp\/v2\/comments?post=108065"}],"version-history":[{"count":1,"href":"https:\/\/www.locoxelrojo.com\/independiente\/wp-json\/wp\/v2\/posts\/108065\/revisions"}],"predecessor-version":[{"id":108066,"href":"https:\/\/www.locoxelrojo.com\/independiente\/wp-json\/wp\/v2\/posts\/108065\/revisions\/108066"}],"wp:featuredmedia":[{"embeddable":true,"href":"https:\/\/www.locoxelrojo.com\/independiente\/wp-json\/wp\/v2\/media\/107314"}],"wp:attachment":[{"href":"https:\/\/www.locoxelrojo.com\/independiente\/wp-json\/wp\/v2\/media?parent=108065"}],"wp:term":[{"taxonomy":"category","embeddable":true,"href":"https:\/\/www.locoxelrojo.com\/independiente\/wp-json\/wp\/v2\/categories?post=108065"},{"taxonomy":"post_tag","embeddable":true,"href":"https:\/\/www.locoxelrojo.com\/independiente\/wp-json\/wp\/v2\/tags?post=108065"}],"curies":[{"name":"wp","href":"https:\/\/api.w.org\/{rel}","templated":true}]}}