{"id":108106,"date":"2022-09-08T19:40:45","date_gmt":"2022-09-08T22:40:45","guid":{"rendered":"https:\/\/www.locoxelrojo.com\/independiente\/?p=108106"},"modified":"2022-09-08T22:53:07","modified_gmt":"2022-09-09T01:53:07","slug":"sorpresivo-silencio-de-falcioni","status":"publish","type":"post","link":"https:\/\/www.locoxelrojo.com\/independiente\/2022\/09\/08\/sorpresivo-silencio-de-falcioni\/","title":{"rendered":"Sorpresivo silencio de Falcioni"},"content":{"rendered":"<p><strong>Julio C\u00e9sar Falcioni decidi\u00f3 no hablar con la prensa despu\u00e9s de la goleada de Independiente ante Aldosivi.<\/strong><\/p>\n<p>El DT <a href=\"https:\/\/www.locoxelrojo.com\/independiente\/2022\/09\/03\/sin-palabras-4\/\">hab\u00eda suspendido la conferencia por primera vez tras la derrota 3-1 frente a Gimnasia<\/a> en La Plata. En ese momento era l\u00f3gico: el equipo hab\u00eda dejado una imagen muy p\u00e1lida, el Emperador era cuestionado por los hinchas y todo parec\u00eda indicar que ten\u00eda las horas contadas en el club. Pero este jueves, en un clima totalmente distinto, tampoco quiso hablar.<\/p>\n<p><a href=\"https:\/\/www.locoxelrojo.com\/independiente\/2022\/09\/08\/independiente-volvio-a-sonreir\/\">El Rojo pas\u00f3 por arriba al Tibur\u00f3n en Avellaneda<\/a>, se llev\u00f3 un merecido 3-0 y Falcioni se dio el gusto de ganar su primer partido desde su vuelta al club. Hasta el \u00e1nimo de los hinchas parec\u00eda ser otro. A\u00fan as\u00ed,<strong> Julio prefiri\u00f3 no enfrentar los micr\u00f3fonos y darles el protagonismo a los futbolistas<\/strong>.<\/p>\n<p>Cuando el t\u00e9cnico cruz\u00f3 por la zona mixta para subirse al micro, <strong>LocoXelRojo<\/strong> y otros medios se acercaron a preguntarle por qu\u00e9 no hab\u00eda querido responder preguntas. Falcioni contest\u00f3 con una frase corta: <strong>&#8220;Ya hablaron los jugadores adentro de la cancha&#8221;<\/strong>.<\/p>\n","protected":false},"excerpt":{"rendered":"<p>Julio C\u00e9sar Falcioni decidi\u00f3 no hablar con la prensa despu\u00e9s de la goleada de Independiente ante Aldosivi. El DT hab\u00eda suspendido la conferencia por primera vez tras la derrota 3-1 frente a Gimnasia en La Plata. En ese momento era l\u00f3gico: el equipo hab\u00eda dejado una imagen muy p\u00e1lida, el Emperador era cuestionado por los [&hellip;]<\/p>\n","protected":false},"author":8,"featured_media":108113,"comment_status":"open","ping_status":"closed","sticky":false,"template":"","format":"standard","meta":{"_links_to":"","_links_to_target":""},"categories":[3247,3],"tags":[516,153,385,5193],"_links":{"self":[{"href":"https:\/\/www.locoxelrojo.com\/independiente\/wp-json\/wp\/v2\/posts\/108106"}],"collection":[{"href":"https:\/\/www.locoxelrojo.com\/independiente\/wp-json\/wp\/v2\/posts"}],"about":[{"href":"https:\/\/www.locoxelrojo.com\/independiente\/wp-json\/wp\/v2\/types\/post"}],"author":[{"embeddable":true,"href":"https:\/\/www.locoxelrojo.com\/independiente\/wp-json\/wp\/v2\/users\/8"}],"replies":[{"embeddable":true,"href":"https:\/\/www.locoxelrojo.com\/independiente\/wp-json\/wp\/v2\/comments?post=108106"}],"version-history":[{"count":3,"href":"https:\/\/www.locoxelrojo.com\/independiente\/wp-json\/wp\/v2\/posts\/108106\/revisions"}],"predecessor-version":[{"id":108116,"href":"https:\/\/www.locoxelrojo.com\/independiente\/wp-json\/wp\/v2\/posts\/108106\/revisions\/108116"}],"wp:featuredmedia":[{"embeddable":true,"href":"https:\/\/www.locoxelrojo.com\/independiente\/wp-json\/wp\/v2\/media\/108113"}],"wp:attachment":[{"href":"https:\/\/www.locoxelrojo.com\/independiente\/wp-json\/wp\/v2\/media?parent=108106"}],"wp:term":[{"taxonomy":"category","embeddable":true,"href":"https:\/\/www.locoxelrojo.com\/independiente\/wp-json\/wp\/v2\/categories?post=108106"},{"taxonomy":"post_tag","embeddable":true,"href":"https:\/\/www.locoxelrojo.com\/independiente\/wp-json\/wp\/v2\/tags?post=108106"}],"curies":[{"name":"wp","href":"https:\/\/api.w.org\/{rel}","templated":true}]}}