{"id":108109,"date":"2022-09-08T21:51:18","date_gmt":"2022-09-09T00:51:18","guid":{"rendered":"https:\/\/www.locoxelrojo.com\/independiente\/?p=108109"},"modified":"2022-09-08T23:10:23","modified_gmt":"2022-09-09T02:10:23","slug":"fernandez-leandro-declaraciones-independiente-aldosivi-2022","status":"publish","type":"post","link":"https:\/\/www.locoxelrojo.com\/independiente\/2022\/09\/08\/fernandez-leandro-declaraciones-independiente-aldosivi-2022\/","title":{"rendered":"L. Fern\u00e1ndez: &#8220;Este triunfo lo necesit\u00e1bamos mucho&#8221;"},"content":{"rendered":"<p><strong>Leandro Fern\u00e1ndez<\/strong>, la <a href=\"https:\/\/www.locoxelrojo.com\/independiente\/2022\/09\/08\/puntajes-rojos-independiente-aldosivi-liga-profesional-2022\/\">figura<\/a> de la goleada de <a href=\"https:\/\/www.locoxelrojo.com\/independiente\/2022\/09\/08\/independiente-volvio-a-sonreir\/\"><strong>Independiente<\/strong> ante <strong>Aldosivi<\/strong><\/a>, habl\u00f3 luego del partido y <strong>se mostr\u00f3 contento por volver a la victoria luego de varios encuentros sin poder conseguirlo.<\/strong><\/p>\n<p><strong>&#8220;Este triunfo lo necesit\u00e1bamos mucho, tanto nosotros como la gente que siempre nos est\u00e1 acompa\u00f1ando. No nos ven\u00edan saliendo las cosas como quer\u00edamos. Hoy hicimos un partido redondo y estuvimos s\u00f3lidos. Las situaciones que creamos las convertimos&#8221;<\/strong>, comenz\u00f3 diciendo el delantero, que agreg\u00f3: <strong>&#8220;Ojal\u00e1 que sea el inicio de un cambio para la recta final del torneo&#8221;.<\/strong><\/p>\n<p>Luego, al ser consultado por la nueva posici\u00f3n en la que lo puso Julio Falcioni, el atacante dijo: <strong>&#8220;Yo trato de adaptarme a lo que me pide el entrenador, siempre quiero arrancar jugando y quiero aportar para el equipo. Si bien la vuelta me cuesta mucho, trato de hacerlo&#8221;.<\/strong><\/p>\n<p>Adem\u00e1s, el delantero asegur\u00f3 que este es el camino a seguir para lo que queda: <strong>&#8220;Hay que seguir trabajando. Hoy hicimos un gran partido y hay que redoblar el esfuerzo para volver a mantenerlo. Hay que mantener esta solidez defensiva, estar compactos, juntos y sacar esto adelante que Independiente se merece estar mucho m\u00e1s alto&#8221;.<\/strong><\/p>\n<p><strong>&#8220;Fue una semana dif\u00edcil y por eso hoy tratamos de dar todo para dejar los tres puntos en casa, lo necesit\u00e1bamos grupalmente para tener tranquilidad para lo que viene&#8221;<\/strong>, concluy\u00f3 <strong>Fern\u00e1ndez<\/strong>.<\/p>\n<blockquote class=\"twitter-tweet\">\n<p dir=\"ltr\" lang=\"es\">&#8220;OJAL\u00c1 ESTO SEA EL INICIO DE UN CAMBIO&#8221; declar\u00f3 Leandro Fern\u00e1ndez tras el 3-0 de Independiente en Avellaneda.<\/p>\n<p>&#x1f4fa; Suscribite al Pack F\u00fatbol en <a href=\"https:\/\/t.co\/7jYILYBaMQ\">https:\/\/t.co\/7jYILYBaMQ<\/a> <a href=\"https:\/\/t.co\/ruY1BbfGV6\">pic.twitter.com\/ruY1BbfGV6<\/a><\/p>\n<p>\u2014 SportsCenter (@SC_ESPN) <a href=\"https:\/\/twitter.com\/SC_ESPN\/status\/1568012126148788224?ref_src=twsrc%5Etfw\">September 8, 2022<\/a><\/p><\/blockquote>\n<p><script async src=\"https:\/\/platform.twitter.com\/widgets.js\" charset=\"utf-8\"><\/script><\/p>\n","protected":false},"excerpt":{"rendered":"<p>Leandro Fern\u00e1ndez, la figura de la goleada de Independiente ante Aldosivi, habl\u00f3 luego del partido y se mostr\u00f3 contento por volver a la victoria luego de varios encuentros sin poder conseguirlo. &#8220;Este triunfo lo necesit\u00e1bamos mucho, tanto nosotros como la gente que siempre nos est\u00e1 acompa\u00f1ando. No nos ven\u00edan saliendo las cosas como quer\u00edamos. Hoy [&hellip;]<\/p>\n","protected":false},"author":101017,"featured_media":108118,"comment_status":"open","ping_status":"closed","sticky":false,"template":"","format":"standard","meta":{"_links_to":"","_links_to_target":""},"categories":[3247,3],"tags":[516,153,4519,2921,5193],"_links":{"self":[{"href":"https:\/\/www.locoxelrojo.com\/independiente\/wp-json\/wp\/v2\/posts\/108109"}],"collection":[{"href":"https:\/\/www.locoxelrojo.com\/independiente\/wp-json\/wp\/v2\/posts"}],"about":[{"href":"https:\/\/www.locoxelrojo.com\/independiente\/wp-json\/wp\/v2\/types\/post"}],"author":[{"embeddable":true,"href":"https:\/\/www.locoxelrojo.com\/independiente\/wp-json\/wp\/v2\/users\/101017"}],"replies":[{"embeddable":true,"href":"https:\/\/www.locoxelrojo.com\/independiente\/wp-json\/wp\/v2\/comments?post=108109"}],"version-history":[{"count":2,"href":"https:\/\/www.locoxelrojo.com\/independiente\/wp-json\/wp\/v2\/posts\/108109\/revisions"}],"predecessor-version":[{"id":108119,"href":"https:\/\/www.locoxelrojo.com\/independiente\/wp-json\/wp\/v2\/posts\/108109\/revisions\/108119"}],"wp:featuredmedia":[{"embeddable":true,"href":"https:\/\/www.locoxelrojo.com\/independiente\/wp-json\/wp\/v2\/media\/108118"}],"wp:attachment":[{"href":"https:\/\/www.locoxelrojo.com\/independiente\/wp-json\/wp\/v2\/media?parent=108109"}],"wp:term":[{"taxonomy":"category","embeddable":true,"href":"https:\/\/www.locoxelrojo.com\/independiente\/wp-json\/wp\/v2\/categories?post=108109"},{"taxonomy":"post_tag","embeddable":true,"href":"https:\/\/www.locoxelrojo.com\/independiente\/wp-json\/wp\/v2\/tags?post=108109"}],"curies":[{"name":"wp","href":"https:\/\/api.w.org\/{rel}","templated":true}]}}