{"id":108332,"date":"2022-09-16T17:43:56","date_gmt":"2022-09-16T20:43:56","guid":{"rendered":"https:\/\/www.locoxelrojo.com\/independiente\/?p=108332"},"modified":"2022-09-16T17:43:56","modified_gmt":"2022-09-16T20:43:56","slug":"balino-para-visitar-a-union","status":"publish","type":"post","link":"https:\/\/www.locoxelrojo.com\/independiente\/2022\/09\/16\/balino-para-visitar-a-union\/","title":{"rendered":"Bali\u00f1o, para visitar a Uni\u00f3n"},"content":{"rendered":"<p><strong>Jorge Bali\u00f1o<\/strong> fue designado para dirigir el partido entre <strong>Uni\u00f3n<\/strong> e <strong>Independiente<\/strong> el pr\u00f3ximo lunes desde las 19.00 en <b>Santa Fe<\/b>.<\/p>\n<p>El Rojo registra un desfavorable historial con Bali\u00f1o como \u00e1rbitro: <strong>en 10 partidos dirigidos, perdi\u00f3 6<\/strong>, empat\u00f3 2 y gan\u00f3 apenas 2. Adem\u00e1s, <strong>no lo dirige desde hace 4 a\u00f1os<\/strong>.<\/p>\n<p><strong>La<\/strong> <strong>\u00faltima vez que dirigi\u00f3 al Rey de Copas fue el 25 de agosto de 2018<\/strong> por la fecha 3 de la Superliga Argentina. En aquel encuentro <strong>cay\u00f3 1-0 ante Defensa y Justicia<\/strong> como local.<\/p>\n<p><iframe loading=\"lazy\" title=\"YouTube video player\" src=\"https:\/\/www.youtube.com\/embed\/WOP1OQLljxw\" width=\"560\" height=\"315\" frameborder=\"0\" allowfullscreen=\"allowfullscreen\"><\/iframe><\/p>\n<p><strong>En tanto, la \u00faltima victoria bajo su mandato fue en septiembre del 2014<\/strong>. El equipo dirigido, en ese entonces, por Jorge Almir\u00f3n <strong>venci\u00f3 1-0 como visitante a Banfield con gol de Federico Mancuello<\/strong>.<\/p>\n<p><iframe loading=\"lazy\" title=\"YouTube video player\" src=\"https:\/\/www.youtube.com\/embed\/BCSbiuSAZjQ\" width=\"560\" height=\"315\" frameborder=\"0\" allowfullscreen=\"allowfullscreen\"><\/iframe><\/p>\n<p>Junto al juez principal lo acompa\u00f1ar\u00e1n <strong>Javier Uziga<\/strong> y <strong>Diego Mart\u00edn<\/strong> como asistentes, mientras que <strong>Jos\u00e9 D\u00edaz<\/strong> ser\u00e1 el Cuarto \u00e1rbitro. En el VAR estar\u00e1 <strong>Nicol\u00e1s Lamolina<\/strong> y <strong>Salom\u00e9 Di Iorio<\/strong> como AVAR.<\/p>\n","protected":false},"excerpt":{"rendered":"<p>Jorge Bali\u00f1o fue designado para dirigir el partido entre Uni\u00f3n e Independiente el pr\u00f3ximo lunes desde las 19.00 en Santa Fe. El Rojo registra un desfavorable historial con Bali\u00f1o como \u00e1rbitro: en 10 partidos dirigidos, perdi\u00f3 6, empat\u00f3 2 y gan\u00f3 apenas 2. Adem\u00e1s, no lo dirige desde hace 4 a\u00f1os. La \u00faltima vez que [&hellip;]<\/p>\n","protected":false},"author":101027,"featured_media":108334,"comment_status":"open","ping_status":"closed","sticky":false,"template":"","format":"standard","meta":{"_links_to":"","_links_to_target":""},"categories":[3280,3247],"tags":[153,4351,5257,159,5258,5193,3421,5259],"_links":{"self":[{"href":"https:\/\/www.locoxelrojo.com\/independiente\/wp-json\/wp\/v2\/posts\/108332"}],"collection":[{"href":"https:\/\/www.locoxelrojo.com\/independiente\/wp-json\/wp\/v2\/posts"}],"about":[{"href":"https:\/\/www.locoxelrojo.com\/independiente\/wp-json\/wp\/v2\/types\/post"}],"author":[{"embeddable":true,"href":"https:\/\/www.locoxelrojo.com\/independiente\/wp-json\/wp\/v2\/users\/101027"}],"replies":[{"embeddable":true,"href":"https:\/\/www.locoxelrojo.com\/independiente\/wp-json\/wp\/v2\/comments?post=108332"}],"version-history":[{"count":1,"href":"https:\/\/www.locoxelrojo.com\/independiente\/wp-json\/wp\/v2\/posts\/108332\/revisions"}],"predecessor-version":[{"id":108335,"href":"https:\/\/www.locoxelrojo.com\/independiente\/wp-json\/wp\/v2\/posts\/108332\/revisions\/108335"}],"wp:featuredmedia":[{"embeddable":true,"href":"https:\/\/www.locoxelrojo.com\/independiente\/wp-json\/wp\/v2\/media\/108334"}],"wp:attachment":[{"href":"https:\/\/www.locoxelrojo.com\/independiente\/wp-json\/wp\/v2\/media?parent=108332"}],"wp:term":[{"taxonomy":"category","embeddable":true,"href":"https:\/\/www.locoxelrojo.com\/independiente\/wp-json\/wp\/v2\/categories?post=108332"},{"taxonomy":"post_tag","embeddable":true,"href":"https:\/\/www.locoxelrojo.com\/independiente\/wp-json\/wp\/v2\/tags?post=108332"}],"curies":[{"name":"wp","href":"https:\/\/api.w.org\/{rel}","templated":true}]}}