{"id":108362,"date":"2022-09-18T15:37:31","date_gmt":"2022-09-18T18:37:31","guid":{"rendered":"https:\/\/www.locoxelrojo.com\/independiente\/?p=108362"},"modified":"2022-09-18T15:37:31","modified_gmt":"2022-09-18T18:37:31","slug":"concentrados-frente-a-union","status":"publish","type":"post","link":"https:\/\/www.locoxelrojo.com\/independiente\/2022\/09\/18\/concentrados-frente-a-union\/","title":{"rendered":"Concentrados vs. Uni\u00f3n: los 25 que viajaron a Santa Fe"},"content":{"rendered":"<p><strong>Julio C\u00e9sar Falcioni dio a conocer la lista de concentrados<\/strong> de Independiente para jugar<strong> frente a Uni\u00f3n<\/strong>\u00a0por la fecha 20 de la Liga Profesional.<\/p>\n<p>Con los <strong>25 nombres confirmados,<\/strong> la delegaci\u00f3n <strong>viaj\u00f3 hacia Santa Fe<\/strong> y se hospedar\u00e1 en el hotel InterTower, esperando por el partido del lunes a las 19 en el estadio 15 de abril.<\/p>\n<p>La <strong>\u00fanica modificaci\u00f3n<\/strong> de la n\u00f3mina corresponde a <strong>Sebasti\u00e1n Sosa,<\/strong> que fue <strong>convocado por la selecci\u00f3n de Uruguay<\/strong> y viaj\u00f3 para disputar dos amistosos internacionales. <strong>En su lugar estar\u00e1 Diego Segovia.<\/strong><\/p>\n<p><strong>Los concentrados:<\/strong><\/p>\n<p><strong>Arqueros:<\/strong> Milton \u00c1lvarez y Diego Segovia.<\/p>\n<p><strong>Defensores:<\/strong> Joaqu\u00edn Laso, Edgar Elizalde, Lucas Rodr\u00edguez, Sergio Barreto, Alex Vigo, Patricio Ostachuk y Juan Manuel Insaurralde.<\/p>\n<p><strong>Volantes:<\/strong> Alan So\u00f1ora, Juan Cazares, Lucas Gonz\u00e1lez, Gabriel Hachen, Iv\u00e1n Marcone, Juan Rom\u00e1n Zarza, Tom\u00e1s Pozzo, Lucas Romero y Justo D\u2019Angelo.<\/p>\n<p><strong>Delanteros:<\/strong> Dami\u00e1n Batallini, Leandro Fern\u00e1ndez, Leandro Benegas, Rodrigo M\u00e1rquez, Nicol\u00e1s Vallejo Juli\u00e1n Romero y Santiago Ayala.<\/p>\n<blockquote class=\"twitter-tweet\" data-width=\"550\" data-dnt=\"true\">\n<p lang=\"es\" dir=\"ltr\">\ud83d\udccb Estos son los jugadores que vuelan a Santa Fe para el duelo frente a Uni\u00f3n.<\/p>\n<p>Sebasti\u00e1n Sosa fue convocado a la Selecci\u00f3n de Uruguay y viaj\u00f3 para disputar los amistosos preparatorios para el Mundial de Qatar ante Ir\u00e1n y Canad\u00e1. Lo reemplaza Diego Segovia.<a href=\"https:\/\/twitter.com\/hashtag\/IFC?src=hash&amp;ref_src=twsrc%5Etfw\">#IFC<\/a> <a href=\"https:\/\/twitter.com\/hashtag\/TodoRojo?src=hash&amp;ref_src=twsrc%5Etfw\">#TodoRojo<\/a> \ud83d\udd34 <a href=\"https:\/\/t.co\/8QvrwY9sVp\">pic.twitter.com\/8QvrwY9sVp<\/a><\/p>\n<p>&mdash; C. A. Independiente (@Independiente) <a href=\"https:\/\/twitter.com\/Independiente\/status\/1571557087217590272?ref_src=twsrc%5Etfw\">September 18, 2022<\/a><\/p><\/blockquote>\n<p><script async src=\"https:\/\/platform.twitter.com\/widgets.js\" charset=\"utf-8\"><\/script><\/p>\n","protected":false},"excerpt":{"rendered":"<p>Julio C\u00e9sar Falcioni dio a conocer la lista de concentrados de Independiente para jugar frente a Uni\u00f3n\u00a0por la fecha 20 de la Liga Profesional. Con los 25 nombres confirmados, la delegaci\u00f3n viaj\u00f3 hacia Santa Fe y se hospedar\u00e1 en el hotel InterTower, esperando por el partido del lunes a las 19 en el estadio 15 [&hellip;]<\/p>\n","protected":false},"author":101029,"featured_media":108363,"comment_status":"open","ping_status":"closed","sticky":false,"template":"","format":"standard","meta":{"_links_to":"","_links_to_target":""},"categories":[3247,3],"tags":[153,2024,4429,385,4645],"_links":{"self":[{"href":"https:\/\/www.locoxelrojo.com\/independiente\/wp-json\/wp\/v2\/posts\/108362"}],"collection":[{"href":"https:\/\/www.locoxelrojo.com\/independiente\/wp-json\/wp\/v2\/posts"}],"about":[{"href":"https:\/\/www.locoxelrojo.com\/independiente\/wp-json\/wp\/v2\/types\/post"}],"author":[{"embeddable":true,"href":"https:\/\/www.locoxelrojo.com\/independiente\/wp-json\/wp\/v2\/users\/101029"}],"replies":[{"embeddable":true,"href":"https:\/\/www.locoxelrojo.com\/independiente\/wp-json\/wp\/v2\/comments?post=108362"}],"version-history":[{"count":1,"href":"https:\/\/www.locoxelrojo.com\/independiente\/wp-json\/wp\/v2\/posts\/108362\/revisions"}],"predecessor-version":[{"id":108364,"href":"https:\/\/www.locoxelrojo.com\/independiente\/wp-json\/wp\/v2\/posts\/108362\/revisions\/108364"}],"wp:featuredmedia":[{"embeddable":true,"href":"https:\/\/www.locoxelrojo.com\/independiente\/wp-json\/wp\/v2\/media\/108363"}],"wp:attachment":[{"href":"https:\/\/www.locoxelrojo.com\/independiente\/wp-json\/wp\/v2\/media?parent=108362"}],"wp:term":[{"taxonomy":"category","embeddable":true,"href":"https:\/\/www.locoxelrojo.com\/independiente\/wp-json\/wp\/v2\/categories?post=108362"},{"taxonomy":"post_tag","embeddable":true,"href":"https:\/\/www.locoxelrojo.com\/independiente\/wp-json\/wp\/v2\/tags?post=108362"}],"curies":[{"name":"wp","href":"https:\/\/api.w.org\/{rel}","templated":true}]}}