{"id":108511,"date":"2022-09-23T18:30:54","date_gmt":"2022-09-23T21:30:54","guid":{"rendered":"https:\/\/www.locoxelrojo.com\/independiente\/?p=108511"},"modified":"2022-09-24T02:09:30","modified_gmt":"2022-09-24T05:09:30","slug":"asi-llega-la-lepra-3","status":"publish","type":"post","link":"https:\/\/www.locoxelrojo.com\/independiente\/2022\/09\/23\/asi-llega-la-lepra-3\/","title":{"rendered":"As\u00ed llega la Lepra"},"content":{"rendered":"<p><strong>Newell&#8217;s visitar\u00e1 a Independiente, en el Libertadores de Am\u00e9rica &#8211; Ricardo Enrique Bochini, este s\u00e1bado a partir de las 20:30 por la fecha 21 de la Liga Profesional.<\/strong><\/p>\n<p><strong>La Lepra viene de perder 1-0 frente a Sarmiento como local<\/strong>, sumando 9 puntos de los \u00faltimos 15 posibles, producto de 3 victorias y 2 derrotas. Est\u00e1 bien posicionado en la Liga Profesional y dentro de la zona de Copa Sudamericana en la tabla general.<\/p>\n<p>Adri\u00e1n Coria es su t\u00e9cnico interino. El DT contar\u00e1 con la vuelta de varios jugadores que dejaron atr\u00e1s sus lesiones: <strong>Armando M\u00e9ndez, Cristian Lema, Pablo P\u00e9rez y Juli\u00e1n Fern\u00e1ndez<\/strong>. Sin embargo, <strong>tendr\u00e1 la baja de Djorkaeff Reasco<\/strong> debido a su convocatoria a la Selecci\u00f3n de Ecuador.<\/p>\n<p>De esta manera, el probable equipo para jugar en Avellaneda, ser\u00e1: <strong>Lautaro Morales; Gustavo Vel\u00e1zquez, Cristian Lema, Willer Ditta, Mart\u00edn Luciano; Marcelo Esponda, Juli\u00e1n Fern\u00e1ndez, Cristian Ferreira, Juan Fernando Garro; Juan Manuel Garc\u00eda y Brian Aguirre.<\/strong><\/p>\n<blockquote class=\"twitter-tweet\">\n<p dir=\"ltr\" lang=\"es\">\n<p> Independiente<br \/>\n&#x26bd;&#xfe0f; Fecha 21 &#8211; <a href=\"https:\/\/twitter.com\/LigaAFA?ref_src=twsrc%5Etfw\">@LigaAFA<\/a> <a href=\"https:\/\/t.co\/wzabmB0Kgf\">pic.twitter.com\/wzabmB0Kgf<\/a><\/p>\n<p>\u2014 Newell\u2019s Old Boys (@Newells) <a href=\"https:\/\/twitter.com\/Newells\/status\/1573351810072547329?ref_src=twsrc%5Etfw\">September 23, 2022<\/a><\/p><\/blockquote>\n<p><script async src=\"https:\/\/platform.twitter.com\/widgets.js\" charset=\"utf-8\"><\/script><\/p>\n","protected":false},"excerpt":{"rendered":"<p>Newell&#8217;s visitar\u00e1 a Independiente, en el Libertadores de Am\u00e9rica &#8211; Ricardo Enrique Bochini, este s\u00e1bado a partir de las 20:30 por la fecha 21 de la Liga Profesional. La Lepra viene de perder 1-0 frente a Sarmiento como local, sumando 9 puntos de los \u00faltimos 15 posibles, producto de 3 victorias y 2 derrotas. Est\u00e1 [&hellip;]<\/p>\n","protected":false},"author":101030,"featured_media":108512,"comment_status":"open","ping_status":"closed","sticky":false,"template":"","format":"standard","meta":{"_links_to":"","_links_to_target":""},"categories":[1990,3247],"tags":[153,3275,5193,2831],"_links":{"self":[{"href":"https:\/\/www.locoxelrojo.com\/independiente\/wp-json\/wp\/v2\/posts\/108511"}],"collection":[{"href":"https:\/\/www.locoxelrojo.com\/independiente\/wp-json\/wp\/v2\/posts"}],"about":[{"href":"https:\/\/www.locoxelrojo.com\/independiente\/wp-json\/wp\/v2\/types\/post"}],"author":[{"embeddable":true,"href":"https:\/\/www.locoxelrojo.com\/independiente\/wp-json\/wp\/v2\/users\/101030"}],"replies":[{"embeddable":true,"href":"https:\/\/www.locoxelrojo.com\/independiente\/wp-json\/wp\/v2\/comments?post=108511"}],"version-history":[{"count":1,"href":"https:\/\/www.locoxelrojo.com\/independiente\/wp-json\/wp\/v2\/posts\/108511\/revisions"}],"predecessor-version":[{"id":108513,"href":"https:\/\/www.locoxelrojo.com\/independiente\/wp-json\/wp\/v2\/posts\/108511\/revisions\/108513"}],"wp:featuredmedia":[{"embeddable":true,"href":"https:\/\/www.locoxelrojo.com\/independiente\/wp-json\/wp\/v2\/media\/108512"}],"wp:attachment":[{"href":"https:\/\/www.locoxelrojo.com\/independiente\/wp-json\/wp\/v2\/media?parent=108511"}],"wp:term":[{"taxonomy":"category","embeddable":true,"href":"https:\/\/www.locoxelrojo.com\/independiente\/wp-json\/wp\/v2\/categories?post=108511"},{"taxonomy":"post_tag","embeddable":true,"href":"https:\/\/www.locoxelrojo.com\/independiente\/wp-json\/wp\/v2\/tags?post=108511"}],"curies":[{"name":"wp","href":"https:\/\/api.w.org\/{rel}","templated":true}]}}