{"id":108523,"date":"2022-09-28T18:00:16","date_gmt":"2022-09-28T21:00:16","guid":{"rendered":"https:\/\/www.locoxelrojo.com\/independiente\/?p=108523"},"modified":"2022-09-28T23:13:54","modified_gmt":"2022-09-29T02:13:54","slug":"dolorosa-eliminacion","status":"publish","type":"post","link":"https:\/\/www.locoxelrojo.com\/independiente\/2022\/09\/28\/dolorosa-eliminacion\/","title":{"rendered":"Dolorosa eliminaci\u00f3n"},"content":{"rendered":"<p><strong><a href=\"https:\/\/www.locoxelrojo.com\/independiente\/\">Independiente<\/a> tuvo una tarde para el olvido en Chaco<\/strong>, empat\u00f3 0-0 frente a Talleres y <strong>qued\u00f3 eliminado de la Copa Argentina tras perder 4-2 en la tanda de penale<\/strong>s. Una eliminaci\u00f3n dolorosa en una instancia que el Rey de Copas sigue sin poder superar.<\/p>\n<p>Durante los primeros 45 minutos, se vio un partido flojo de ambos equipos, con m\u00e1s <strong>momentos accidentados que de buen juego<\/strong>. El Rojo careci\u00f3 de ideas para atacar, tuvo pocas situaciones de gol y por momentos <strong>sufri\u00f3 los ataques del equipo cordob\u00e9s<\/strong>.<\/p>\n<p>La segunda parte continu\u00f3 de la misma manera, con pocas ocurrencias y <strong>demasiados pelotazos en busca de que Leandro Benegas encuentre soluciones<\/strong>. Leandro Fern\u00e1ndez no pes\u00f3 y fue reemplazado por molestias f\u00edsicas a los 11 minutos. Los cambios no dieron respuestas y el partido fue decantando lentamente hacia la definici\u00f3n por penales, con Talleres perdiendo algunas situaciones claras de gol.<\/p>\n<p><strong>Desde los 12 pasos, la historia fue negativa para el conjunto de Julio C\u00e9sar Falcioni<\/strong>: Valoyes, Benegas y \u00c1lvarez convirtieron los primeros tres, Insaurralde, Garro y Vallejo fallaron, D\u00edaz anot\u00f3, Ferreyra estir\u00f3 la agon\u00eda y Buffarini cerr\u00f3 la serie a favor de los cordobeses.<\/p>\n<p>Una eliminaci\u00f3n que llega cuando Independiente llevaba 5 partidos consecutivos con triunfos. <strong>Jug\u00f3 mal, qued\u00f3 afuera merecidamente y la posibilidad de jugar la Copa Libertadores 2023 se diluy\u00f3<\/strong>.<\/p>\n","protected":false},"excerpt":{"rendered":"<p>Independiente tuvo una tarde para el olvido en Chaco, empat\u00f3 0-0 frente a Talleres y qued\u00f3 eliminado de la Copa Argentina tras perder 4-2 en la tanda de penales. Una eliminaci\u00f3n dolorosa en una instancia que el Rey de Copas sigue sin poder superar. Durante los primeros 45 minutos, se vio un partido flojo de [&hellip;]<\/p>\n","protected":false},"author":101029,"featured_media":108524,"comment_status":"open","ping_status":"closed","sticky":false,"template":"","format":"standard","meta":{"_links_to":"","_links_to_target":""},"categories":[800,3247],"tags":[153,5102,1093,4783,5128,2921,3956,5186,2624],"_links":{"self":[{"href":"https:\/\/www.locoxelrojo.com\/independiente\/wp-json\/wp\/v2\/posts\/108523"}],"collection":[{"href":"https:\/\/www.locoxelrojo.com\/independiente\/wp-json\/wp\/v2\/posts"}],"about":[{"href":"https:\/\/www.locoxelrojo.com\/independiente\/wp-json\/wp\/v2\/types\/post"}],"author":[{"embeddable":true,"href":"https:\/\/www.locoxelrojo.com\/independiente\/wp-json\/wp\/v2\/users\/101029"}],"replies":[{"embeddable":true,"href":"https:\/\/www.locoxelrojo.com\/independiente\/wp-json\/wp\/v2\/comments?post=108523"}],"version-history":[{"count":1,"href":"https:\/\/www.locoxelrojo.com\/independiente\/wp-json\/wp\/v2\/posts\/108523\/revisions"}],"predecessor-version":[{"id":108528,"href":"https:\/\/www.locoxelrojo.com\/independiente\/wp-json\/wp\/v2\/posts\/108523\/revisions\/108528"}],"wp:featuredmedia":[{"embeddable":true,"href":"https:\/\/www.locoxelrojo.com\/independiente\/wp-json\/wp\/v2\/media\/108524"}],"wp:attachment":[{"href":"https:\/\/www.locoxelrojo.com\/independiente\/wp-json\/wp\/v2\/media?parent=108523"}],"wp:term":[{"taxonomy":"category","embeddable":true,"href":"https:\/\/www.locoxelrojo.com\/independiente\/wp-json\/wp\/v2\/categories?post=108523"},{"taxonomy":"post_tag","embeddable":true,"href":"https:\/\/www.locoxelrojo.com\/independiente\/wp-json\/wp\/v2\/tags?post=108523"}],"curies":[{"name":"wp","href":"https:\/\/api.w.org\/{rel}","templated":true}]}}