{"id":108672,"date":"2022-10-02T22:07:00","date_gmt":"2022-10-03T01:07:00","guid":{"rendered":"https:\/\/www.locoxelrojo.com\/independiente\/?p=108672"},"modified":"2022-10-02T22:07:00","modified_gmt":"2022-10-03T01:07:00","slug":"fabian-doman-es-el-nuevo-presidente-de-independiente","status":"publish","type":"post","link":"https:\/\/www.locoxelrojo.com\/independiente\/2022\/10\/02\/fabian-doman-es-el-nuevo-presidente-de-independiente\/","title":{"rendered":"Fabi\u00e1n Doman es el nuevo presidente de Independiente"},"content":{"rendered":"<p><strong>Fabi\u00e1n Doman se convirti\u00f3 en el nuevo presidente de Independiente tras imponerse de manera contundente en las elecciones con m\u00e1s convocatoria en la historia del club<\/strong>. El candidato de <strong>Agrupaci\u00f3n Independiente Tradicional<\/strong> se impuso por encima de <strong>Claudio Rudecindo<\/strong> (Gente de Independiente) y <strong>Javier Mazza<\/strong> (Agrupaci\u00f3n Independiente).<\/p>\n<p>Y luego de tanta espera y de tanta lucha, los y las hinchas del Rey de Copas tuvieron su jornada democr\u00e1tica por la que tanto pidieron. <strong>Los comicios que deb\u00edan celebrarse el 19 de diciembre del a\u00f1o pasado se demoraron 287 d\u00edas hasta este domingo 2 de octubre<\/strong>.<\/p>\n<p>Una fecha que quedar\u00e1 en la historia por tratarse de la gran cantidad de socios y socias que votaron. <strong>De los 48.666 habilitados para emitir su sufragio, votaron cerca de 16.000<\/strong>. Tanta fue la cantidad de gente que asisti\u00f3 a la Sede social de Avellaneda que <strong>la Junta Electoral junto al Aprevide decidieron extender los comicios hasta las 19, cuando originalmente era hasta las 18<\/strong>.<\/p>\n<p>Del total de los votos, el trinomio compuesto por <a href=\"https:\/\/www.locoxelrojo.com\/independiente\/2022\/10\/02\/voto-doman-es-un-dia-historico\/\"><strong>Fabi\u00e1n Doman<\/strong><\/a>, <strong>N\u00e9stor Grindetti<\/strong> -Vicepresidente Primero- y <strong>Juan Marconi<\/strong> -Vicepresidente Segundo- <strong>sum\u00f3 11.492 votos (72%) y gobernar\u00e1 hasta diciembre de 2026<\/strong>. Detr\u00e1s qued\u00f3 <a href=\"https:\/\/www.locoxelrojo.com\/independiente\/2022\/10\/02\/voto-rudecindo-queremos-lo-mejor-para-independiente-gane-quien-gane\/\">Claudio Rudecindo<\/a> con 2.330 (15%) y <a href=\"https:\/\/www.locoxelrojo.com\/independiente\/2022\/10\/02\/voto-mazza-hoy-no-se-define-nada-hoy-comienzan-muchas-cosas\/\">Javier Mazza<\/a> con 2.066 (13%).<\/p>\n<blockquote class=\"twitter-tweet\">\n<p dir=\"ltr\" lang=\"es\">&#x1f5f3;&#xfe0f; RESULTADOS DEFINITIVOS<\/p>\n<p>1&#xfe0f;&#x20e3; Unidad Independiente 72% (11.492 votos)<br \/>\n2&#xfe0f;&#x20e3; Gente de Independiente 15% (2.330 votos)<br \/>\n3&#xfe0f;&#x20e3; Agrupaci\u00f3n Independiente 13% (2.066 votos)<\/p>\n<p>Fabi\u00e1n Doman es el nuevo presidente de <a href=\"https:\/\/twitter.com\/hashtag\/Independiente?src=hash&amp;ref_src=twsrc%5Etfw\">#Independiente<\/a>.<a href=\"https:\/\/twitter.com\/hashtag\/TodoRojo?src=hash&amp;ref_src=twsrc%5Etfw\">#TodoRojo<\/a> &#x1f534; <a href=\"https:\/\/t.co\/mYHKvX1fat\">pic.twitter.com\/mYHKvX1fat<\/a><\/p>\n<p>\u2014 C. A. Independiente (@Independiente) <a href=\"https:\/\/twitter.com\/Independiente\/status\/1576729836470829056?ref_src=twsrc%5Etfw\">October 3, 2022<\/a><\/p><\/blockquote>\n<p><script async src=\"https:\/\/platform.twitter.com\/widgets.js\" charset=\"utf-8\"><\/script><\/p>\n","protected":false},"excerpt":{"rendered":"<p>Fabi\u00e1n Doman se convirti\u00f3 en el nuevo presidente de Independiente tras imponerse de manera contundente en las elecciones con m\u00e1s convocatoria en la historia del club. El candidato de Agrupaci\u00f3n Independiente Tradicional se impuso por encima de Claudio Rudecindo (Gente de Independiente) y Javier Mazza (Agrupaci\u00f3n Independiente). Y luego de tanta espera y de tanta [&hellip;]<\/p>\n","protected":false},"author":19,"featured_media":108680,"comment_status":"open","ping_status":"closed","sticky":false,"template":"","format":"standard","meta":{"_links_to":"","_links_to_target":""},"categories":[3247,4],"tags":[1024,153,5237,5067,1148,5083,1455],"_links":{"self":[{"href":"https:\/\/www.locoxelrojo.com\/independiente\/wp-json\/wp\/v2\/posts\/108672"}],"collection":[{"href":"https:\/\/www.locoxelrojo.com\/independiente\/wp-json\/wp\/v2\/posts"}],"about":[{"href":"https:\/\/www.locoxelrojo.com\/independiente\/wp-json\/wp\/v2\/types\/post"}],"author":[{"embeddable":true,"href":"https:\/\/www.locoxelrojo.com\/independiente\/wp-json\/wp\/v2\/users\/19"}],"replies":[{"embeddable":true,"href":"https:\/\/www.locoxelrojo.com\/independiente\/wp-json\/wp\/v2\/comments?post=108672"}],"version-history":[{"count":4,"href":"https:\/\/www.locoxelrojo.com\/independiente\/wp-json\/wp\/v2\/posts\/108672\/revisions"}],"predecessor-version":[{"id":108681,"href":"https:\/\/www.locoxelrojo.com\/independiente\/wp-json\/wp\/v2\/posts\/108672\/revisions\/108681"}],"wp:featuredmedia":[{"embeddable":true,"href":"https:\/\/www.locoxelrojo.com\/independiente\/wp-json\/wp\/v2\/media\/108680"}],"wp:attachment":[{"href":"https:\/\/www.locoxelrojo.com\/independiente\/wp-json\/wp\/v2\/media?parent=108672"}],"wp:term":[{"taxonomy":"category","embeddable":true,"href":"https:\/\/www.locoxelrojo.com\/independiente\/wp-json\/wp\/v2\/categories?post=108672"},{"taxonomy":"post_tag","embeddable":true,"href":"https:\/\/www.locoxelrojo.com\/independiente\/wp-json\/wp\/v2\/tags?post=108672"}],"curies":[{"name":"wp","href":"https:\/\/api.w.org\/{rel}","templated":true}]}}