{"id":108734,"date":"2022-10-07T12:02:12","date_gmt":"2022-10-07T15:02:12","guid":{"rendered":"https:\/\/www.locoxelrojo.com\/independiente\/?p=108734"},"modified":"2022-10-07T20:27:13","modified_gmt":"2022-10-07T23:27:13","slug":"con-chucky-a-la-par","status":"publish","type":"post","link":"https:\/\/www.locoxelrojo.com\/independiente\/2022\/10\/07\/con-chucky-a-la-par\/","title":{"rendered":"Con Chucky a la par"},"content":{"rendered":"<p><a href=\"https:\/\/www.locoxelrojo.com\/independiente\/\">Independiente<\/a> continu\u00f3 con los entrenamientos en Villa Dom\u00ednico y esta ma\u00f1ana <strong>Facundo Ferreyra volvi\u00f3 a trabajar a la par de sus compa\u00f1eros<\/strong>.<\/p>\n<p>Ferreyra dej\u00f3 atr\u00e1s el estado febril -que le impidi\u00f3 estar contra Central C\u00f3rdoba-, se reintegr\u00f3 a los entrenamientos y practic\u00f3 con normalidad.<\/p>\n<p>Por otro lado, Independiente sigue con 3 bajas. <strong>Leandro Fern\u00e1ndez, Lucas Romero y Nicol\u00e1s Vallejo<\/strong> realizaron tareas en kinesiolog\u00eda y trabajos f\u00edsicos espec\u00edficos de sus recuperaciones.<\/p>\n<p>Los futbolistas que jugaron ante el Ferroviario hicieron trabajos de fuerza integral en el gimnasio y drill de pases con definici\u00f3n, mientras que los que no participaron del encuentro tuvieron entrada en calor t\u00e9cnica, pr\u00e1ctica de f\u00fatbol y ejercicios f\u00edsicos en el gimnasio.<\/p>\n<p>El plantel vuelve a practicar ma\u00f1ana desde las 10.00 en el predio Santo Domingo. Posteriormente, <strong>quedar\u00e1 concentrado en el hotel Scala de cara al partido del domingo ante Tigre<\/strong>.<\/p>\n","protected":false},"excerpt":{"rendered":"<p>Independiente continu\u00f3 con los entrenamientos en Villa Dom\u00ednico y esta ma\u00f1ana Facundo Ferreyra volvi\u00f3 a trabajar a la par de sus compa\u00f1eros. Ferreyra dej\u00f3 atr\u00e1s el estado febril -que le impidi\u00f3 estar contra Central C\u00f3rdoba-, se reintegr\u00f3 a los entrenamientos y practic\u00f3 con normalidad. Por otro lado, Independiente sigue con 3 bajas. Leandro Fern\u00e1ndez, Lucas [&hellip;]<\/p>\n","protected":false},"author":101027,"featured_media":108493,"comment_status":"open","ping_status":"closed","sticky":false,"template":"","format":"standard","meta":{"_links_to":"","_links_to_target":""},"categories":[3247,3],"tags":[153,26,1093,172],"_links":{"self":[{"href":"https:\/\/www.locoxelrojo.com\/independiente\/wp-json\/wp\/v2\/posts\/108734"}],"collection":[{"href":"https:\/\/www.locoxelrojo.com\/independiente\/wp-json\/wp\/v2\/posts"}],"about":[{"href":"https:\/\/www.locoxelrojo.com\/independiente\/wp-json\/wp\/v2\/types\/post"}],"author":[{"embeddable":true,"href":"https:\/\/www.locoxelrojo.com\/independiente\/wp-json\/wp\/v2\/users\/101027"}],"replies":[{"embeddable":true,"href":"https:\/\/www.locoxelrojo.com\/independiente\/wp-json\/wp\/v2\/comments?post=108734"}],"version-history":[{"count":1,"href":"https:\/\/www.locoxelrojo.com\/independiente\/wp-json\/wp\/v2\/posts\/108734\/revisions"}],"predecessor-version":[{"id":108738,"href":"https:\/\/www.locoxelrojo.com\/independiente\/wp-json\/wp\/v2\/posts\/108734\/revisions\/108738"}],"wp:featuredmedia":[{"embeddable":true,"href":"https:\/\/www.locoxelrojo.com\/independiente\/wp-json\/wp\/v2\/media\/108493"}],"wp:attachment":[{"href":"https:\/\/www.locoxelrojo.com\/independiente\/wp-json\/wp\/v2\/media?parent=108734"}],"wp:term":[{"taxonomy":"category","embeddable":true,"href":"https:\/\/www.locoxelrojo.com\/independiente\/wp-json\/wp\/v2\/categories?post=108734"},{"taxonomy":"post_tag","embeddable":true,"href":"https:\/\/www.locoxelrojo.com\/independiente\/wp-json\/wp\/v2\/tags?post=108734"}],"curies":[{"name":"wp","href":"https:\/\/api.w.org\/{rel}","templated":true}]}}