{"id":108739,"date":"2022-10-07T13:27:49","date_gmt":"2022-10-07T16:27:49","guid":{"rendered":"https:\/\/www.locoxelrojo.com\/independiente\/?p=108739"},"modified":"2022-10-07T20:55:37","modified_gmt":"2022-10-07T23:55:37","slug":"visitas-en-dominico-2","status":"publish","type":"post","link":"https:\/\/www.locoxelrojo.com\/independiente\/2022\/10\/07\/visitas-en-dominico-2\/","title":{"rendered":"Presentes en Dom\u00ednico"},"content":{"rendered":"<p><a href=\"https:\/\/www.locoxelrojo.com\/independiente\/2022\/10\/07\/con-chucky-a-la-par\/\">En el entrenamiento de esta ma\u00f1ana<\/a>, los nuevos dirigentes de Independiente estuvieron presentes en Dom\u00ednico.<\/p>\n<p><a href=\"https:\/\/www.locoxelrojo.com\/independiente\/2022\/10\/06\/traspaso-de-mando-asumio-doman-y-se-fue-moyano\/\">Luego de que ayer por la tarde se haya realizado el traspaso de mando<\/a><strong>, Fabi\u00e1n Doman, Juan Marconi y Daniel Seoane<\/strong>, entre otros, se acercaron por primera vez al predio<strong> para presentarse con el plantel profesional y cuerpo t\u00e9cnico<\/strong>.<\/p>\n<p>A su vez, <strong>el flamante presidente del Rojo aprovech\u00f3 para dialogar y definir la situaci\u00f3n de Julio Falcioni como DT de Independiente<\/strong>.<\/p>\n<blockquote class=\"twitter-tweet\">\n<p dir=\"ltr\" lang=\"es\">La visita de esta ma\u00f1ana de la nueva dirigencia a Dom\u00ednico para saludar al plantel de <a href=\"https:\/\/twitter.com\/hashtag\/Independiente?src=hash&amp;ref_src=twsrc%5Etfw\">#Independiente<\/a> &#x1f1e6;&#x1f1f9; <a href=\"https:\/\/t.co\/C8LN6YKaru\">pic.twitter.com\/C8LN6YKaru<\/a><\/p>\n<p>\u2014 Independiente (LXR) (@locoxelrojoweb) <a href=\"https:\/\/twitter.com\/locoxelrojoweb\/status\/1578416210974109696?ref_src=twsrc%5Etfw\">October 7, 2022<\/a><\/p><\/blockquote>\n<p><script async src=\"https:\/\/platform.twitter.com\/widgets.js\" charset=\"utf-8\"><\/script><\/p>\n","protected":false},"excerpt":{"rendered":"<p>En el entrenamiento de esta ma\u00f1ana, los nuevos dirigentes de Independiente estuvieron presentes en Dom\u00ednico. Luego de que ayer por la tarde se haya realizado el traspaso de mando, Fabi\u00e1n Doman, Juan Marconi y Daniel Seoane, entre otros, se acercaron por primera vez al predio para presentarse con el plantel profesional y cuerpo t\u00e9cnico. A [&hellip;]<\/p>\n","protected":false},"author":101027,"featured_media":108744,"comment_status":"open","ping_status":"closed","sticky":false,"template":"","format":"standard","meta":{"_links_to":"","_links_to_target":""},"categories":[3247,3],"tags":[153,1793,5067,5083,2300,172],"_links":{"self":[{"href":"https:\/\/www.locoxelrojo.com\/independiente\/wp-json\/wp\/v2\/posts\/108739"}],"collection":[{"href":"https:\/\/www.locoxelrojo.com\/independiente\/wp-json\/wp\/v2\/posts"}],"about":[{"href":"https:\/\/www.locoxelrojo.com\/independiente\/wp-json\/wp\/v2\/types\/post"}],"author":[{"embeddable":true,"href":"https:\/\/www.locoxelrojo.com\/independiente\/wp-json\/wp\/v2\/users\/101027"}],"replies":[{"embeddable":true,"href":"https:\/\/www.locoxelrojo.com\/independiente\/wp-json\/wp\/v2\/comments?post=108739"}],"version-history":[{"count":1,"href":"https:\/\/www.locoxelrojo.com\/independiente\/wp-json\/wp\/v2\/posts\/108739\/revisions"}],"predecessor-version":[{"id":108747,"href":"https:\/\/www.locoxelrojo.com\/independiente\/wp-json\/wp\/v2\/posts\/108739\/revisions\/108747"}],"wp:featuredmedia":[{"embeddable":true,"href":"https:\/\/www.locoxelrojo.com\/independiente\/wp-json\/wp\/v2\/media\/108744"}],"wp:attachment":[{"href":"https:\/\/www.locoxelrojo.com\/independiente\/wp-json\/wp\/v2\/media?parent=108739"}],"wp:term":[{"taxonomy":"category","embeddable":true,"href":"https:\/\/www.locoxelrojo.com\/independiente\/wp-json\/wp\/v2\/categories?post=108739"},{"taxonomy":"post_tag","embeddable":true,"href":"https:\/\/www.locoxelrojo.com\/independiente\/wp-json\/wp\/v2\/tags?post=108739"}],"curies":[{"name":"wp","href":"https:\/\/api.w.org\/{rel}","templated":true}]}}