{"id":108842,"date":"2022-10-14T21:00:45","date_gmt":"2022-10-15T00:00:45","guid":{"rendered":"https:\/\/www.locoxelrojo.com\/independiente\/?p=108842"},"modified":"2022-10-15T16:30:35","modified_gmt":"2022-10-15T19:30:35","slug":"alvarez-nos-hacemos-cargo-no-hemos-estado-al-nivel-que-merece-el-socio-de-independiente","status":"publish","type":"post","link":"https:\/\/www.locoxelrojo.com\/independiente\/2022\/10\/14\/alvarez-nos-hacemos-cargo-no-hemos-estado-al-nivel-que-merece-el-socio-de-independiente\/","title":{"rendered":"\u00c1lvarez: &#8220;Nos hacemos cargo, no hemos estado al nivel que merece el socio de Independiente&#8221;"},"content":{"rendered":"<p><strong>Milton \u00c1lvarez<\/strong> habl\u00f3 en conferencia de prensa en la previa del partido entre Independiente y Banfield por la fecha 26 de la Liga Profesional.<\/p>\n<p><strong>&#8220;Fue un a\u00f1o dif\u00edcil, con muchos altibajos, pero veo que el clima cambi\u00f3, la gente esta m\u00e1s relajada. En cuanto a lo deportivo, queremos terminar estas 2 fechas de la mejor forma y pensar de lleno en la pretemporada porque queremos ganar algo el a\u00f1o que viene&#8221;<\/strong>, expres\u00f3 el arquero del Rojo.<\/p>\n<p>Luego, realiz\u00f3 una autocr\u00edtica sobre el rendimiento del equipo durante el a\u00f1o. <strong>&#8220;No clasificamos a las copas, no peleamos por el torneo y nos quedamos a mitad de camino en la Copa Argentina. Los jugadores nos hacemos cargo, no hemos estado al nivel que merece el socio de Independiente, estamos en deuda con el hincha&#8221;<\/strong>, manifest\u00f3.<\/p>\n<p>Es sabido que habr\u00e1 una depuraci\u00f3n bastante grande en el plantel de cara la pr\u00f3xima temporada, en cuanto a esto, dijo: <strong>&#8220;Nadie nos transmiti\u00f3 nada as\u00ed que nosotros seguimos trabajando&#8221;<\/strong>.<\/p>\n<p>Para finalizar, dej\u00f3 en claro sus sensaciones al adue\u00f1arse del arco del Rojo. <strong>&#8220;Es algo hermoso, que tiene una responsabilidad muy grande, pero soy consiente del club en donde estoy y trato siempre de dar lo m\u00e1ximo para defenderlo, como su historia lo merece&#8221;<\/strong>, cerr\u00f3.<\/p>\n","protected":false},"excerpt":{"rendered":"<p>Milton \u00c1lvarez habl\u00f3 en conferencia de prensa en la previa del partido entre Independiente y Banfield por la fecha 26 de la Liga Profesional. &#8220;Fue un a\u00f1o dif\u00edcil, con muchos altibajos, pero veo que el clima cambi\u00f3, la gente esta m\u00e1s relajada. En cuanto a lo deportivo, queremos terminar estas 2 fechas de la mejor [&hellip;]<\/p>\n","protected":false},"author":1,"featured_media":108843,"comment_status":"open","ping_status":"closed","sticky":false,"template":"","format":"standard","meta":{"_links_to":"","_links_to_target":""},"categories":[3247,3],"tags":[153,3956],"_links":{"self":[{"href":"https:\/\/www.locoxelrojo.com\/independiente\/wp-json\/wp\/v2\/posts\/108842"}],"collection":[{"href":"https:\/\/www.locoxelrojo.com\/independiente\/wp-json\/wp\/v2\/posts"}],"about":[{"href":"https:\/\/www.locoxelrojo.com\/independiente\/wp-json\/wp\/v2\/types\/post"}],"author":[{"embeddable":true,"href":"https:\/\/www.locoxelrojo.com\/independiente\/wp-json\/wp\/v2\/users\/1"}],"replies":[{"embeddable":true,"href":"https:\/\/www.locoxelrojo.com\/independiente\/wp-json\/wp\/v2\/comments?post=108842"}],"version-history":[{"count":1,"href":"https:\/\/www.locoxelrojo.com\/independiente\/wp-json\/wp\/v2\/posts\/108842\/revisions"}],"predecessor-version":[{"id":108844,"href":"https:\/\/www.locoxelrojo.com\/independiente\/wp-json\/wp\/v2\/posts\/108842\/revisions\/108844"}],"wp:featuredmedia":[{"embeddable":true,"href":"https:\/\/www.locoxelrojo.com\/independiente\/wp-json\/wp\/v2\/media\/108843"}],"wp:attachment":[{"href":"https:\/\/www.locoxelrojo.com\/independiente\/wp-json\/wp\/v2\/media?parent=108842"}],"wp:term":[{"taxonomy":"category","embeddable":true,"href":"https:\/\/www.locoxelrojo.com\/independiente\/wp-json\/wp\/v2\/categories?post=108842"},{"taxonomy":"post_tag","embeddable":true,"href":"https:\/\/www.locoxelrojo.com\/independiente\/wp-json\/wp\/v2\/tags?post=108842"}],"curies":[{"name":"wp","href":"https:\/\/api.w.org\/{rel}","templated":true}]}}