{"id":108845,"date":"2022-10-15T17:10:24","date_gmt":"2022-10-15T20:10:24","guid":{"rendered":"https:\/\/www.locoxelrojo.com\/independiente\/?p=108845"},"modified":"2022-10-15T17:10:24","modified_gmt":"2022-10-15T20:10:24","slug":"se-acerca-el-final","status":"publish","type":"post","link":"https:\/\/www.locoxelrojo.com\/independiente\/2022\/10\/15\/se-acerca-el-final\/","title":{"rendered":"Se acerca el final"},"content":{"rendered":"<p>Los dirigentes de Independiente tienen decidido ponerle fin a su tercer ciclo. <strong>Las horas de Julio C\u00e9sar Falcioni en el Rojo est\u00e1n contadas.<\/strong><\/p>\n<p><strong>Aunque su contrato vence en junio del 2023 la decisi\u00f3n ya est\u00e1 tomada<\/strong>. Todav\u00eda no se dio la reuni\u00f3n entre Fabi\u00e1n Doman y los dirigentes que integran la Secretar\u00eda de F\u00fatbol con el Emperador, <strong>pero es vox populi que el del domingo ser\u00e1 el \u00faltimo de Falcioni en el Libertadores de Am\u00e9rica &#8211; Ricardo Enrique Bochini<\/strong>. Algunos hasta prefieren adelantarse y que no est\u00e9 en el banco de suplentes en La Bombonera en el cierre de la Liga Profesional.<\/p>\n<p><strong>Solamente resta que se de esa charla para saber de qu\u00e9 manera ser\u00e1 la desvinculaci\u00f3n del actual entrenador, ya que su contrato es millonario.<\/strong> La salida es bastante l\u00f3gica ya que Falcioni nunca estuvo en los planes de campa\u00f1a para la dirigencia entrante. Adem\u00e1s, a pesar de las victorias consecutivas el equipo no consigui\u00f3 los objetivos planteados: <strong>en el 2023 ver\u00e1 la Copa Libertadores y la Copa Sudamericana desde afuera<\/strong>.<\/p>\n<p>Pablo Cavallero, el secretario t\u00e9cnico que ya est\u00e1 en funciones hace varios d\u00edas, tiene en mente tres posibles reemplazantes: <strong>Gustavo Quinteros, Mat\u00edas Almeyda y Ricardo Gareca<\/strong>, siendo el primero el que pica en punta.<\/p>\n","protected":false},"excerpt":{"rendered":"<p>Los dirigentes de Independiente tienen decidido ponerle fin a su tercer ciclo. Las horas de Julio C\u00e9sar Falcioni en el Rojo est\u00e1n contadas. Aunque su contrato vence en junio del 2023 la decisi\u00f3n ya est\u00e1 tomada. Todav\u00eda no se dio la reuni\u00f3n entre Fabi\u00e1n Doman y los dirigentes que integran la Secretar\u00eda de F\u00fatbol con [&hellip;]<\/p>\n","protected":false},"author":1,"featured_media":108035,"comment_status":"open","ping_status":"closed","sticky":false,"template":"","format":"standard","meta":{"_links_to":"","_links_to_target":""},"categories":[3247,3],"tags":[153,5067,385,3066],"_links":{"self":[{"href":"https:\/\/www.locoxelrojo.com\/independiente\/wp-json\/wp\/v2\/posts\/108845"}],"collection":[{"href":"https:\/\/www.locoxelrojo.com\/independiente\/wp-json\/wp\/v2\/posts"}],"about":[{"href":"https:\/\/www.locoxelrojo.com\/independiente\/wp-json\/wp\/v2\/types\/post"}],"author":[{"embeddable":true,"href":"https:\/\/www.locoxelrojo.com\/independiente\/wp-json\/wp\/v2\/users\/1"}],"replies":[{"embeddable":true,"href":"https:\/\/www.locoxelrojo.com\/independiente\/wp-json\/wp\/v2\/comments?post=108845"}],"version-history":[{"count":1,"href":"https:\/\/www.locoxelrojo.com\/independiente\/wp-json\/wp\/v2\/posts\/108845\/revisions"}],"predecessor-version":[{"id":108846,"href":"https:\/\/www.locoxelrojo.com\/independiente\/wp-json\/wp\/v2\/posts\/108845\/revisions\/108846"}],"wp:featuredmedia":[{"embeddable":true,"href":"https:\/\/www.locoxelrojo.com\/independiente\/wp-json\/wp\/v2\/media\/108035"}],"wp:attachment":[{"href":"https:\/\/www.locoxelrojo.com\/independiente\/wp-json\/wp\/v2\/media?parent=108845"}],"wp:term":[{"taxonomy":"category","embeddable":true,"href":"https:\/\/www.locoxelrojo.com\/independiente\/wp-json\/wp\/v2\/categories?post=108845"},{"taxonomy":"post_tag","embeddable":true,"href":"https:\/\/www.locoxelrojo.com\/independiente\/wp-json\/wp\/v2\/tags?post=108845"}],"curies":[{"name":"wp","href":"https:\/\/api.w.org\/{rel}","templated":true}]}}