{"id":108873,"date":"2022-10-16T20:00:24","date_gmt":"2022-10-16T23:00:24","guid":{"rendered":"https:\/\/www.locoxelrojo.com\/independiente\/?p=108873"},"modified":"2022-10-16T20:55:19","modified_gmt":"2022-10-16T23:55:19","slug":"batallo-y-volvio-al-triunfo","status":"publish","type":"post","link":"https:\/\/www.locoxelrojo.com\/independiente\/2022\/10\/16\/batallo-y-volvio-al-triunfo\/","title":{"rendered":"Batall\u00f3 y volvi\u00f3 al triunfo"},"content":{"rendered":"<p>Por la fecha 25 de la Liga Profesional,<strong> Independiente super\u00f3 1-0 a Banfield en Avellaneda con gol de Dami\u00e1n Batallini<\/strong> en el segundo tiempo. Esta vez, <strong>el VAR jug\u00f3 a favor<\/strong>.<\/p>\n<p>Arranc\u00f3 decidido a buscar el primer gol el equipo de Julio Falcioni. <strong>Las primeras dos m\u00e1s claras las tuvo Leandro Fern\u00e1ndez<\/strong> -quien volv\u00eda de un desgarro- de media distancia pero ambas fueron atajadas por Facundo Cambeses.<\/p>\n<p>Ya en la segunda parte, Banfield tuvo un contrataque conducido por Emanuel Coronel que remat\u00f3 desde afuera del \u00e1rea y desvi\u00f3 Milton \u00c1lvarez. Minutos m\u00e1s de esa acci\u00f3n<strong> Juan Manuel Insaurralde no pudo aguantar m\u00e1s el dolor en su tobillo izquierdo<\/strong> tras un choque en el PT y tuvo que ser reemplazado por Lucas Rodr\u00edguez.<\/p>\n<p>A los 6&#8242; hubo una combinaci\u00f3n entre Juan Cazarez, Lucas Romero y que Leandro Benegas no pudo definir porque lo cerr\u00f3 justo Gregorio Tanco en el \u00e1rea chica. No obstante, 2 minutos despu\u00e9s, <strong>con revisi\u00f3n y rectificaci\u00f3n del VAR<\/strong>, lleg\u00f3 el 1-0. <strong>Dami\u00e1n Batallini captur\u00f3 un rebote en el \u00e1rea que, con mucha tranquilidad y soledad, la puso arriba a la derecha del arquero<\/strong>.<\/p>\n<p>Luego, a los 15&#8242;, y <strong>tras un bal\u00f3n largo, el propio Batallini iba a generar la segunda tarjeta amarilla, y expulsi\u00f3n, para Luciano Abecasis en la visita que lo derrib\u00f3 en la puerta del \u00e1rea<\/strong>. De esa jugada nace un tiro libre que Juanito peg\u00f3 en el palo.<\/p>\n<p>A pesar de tener un hombre de m\u00e1s, los \u00faltimos 30&#8242; Independiente se retras\u00f3, cedi\u00f3 la pelota y sufri\u00f3. Sobre el final, <strong>\u00c1lvarez le tap\u00f3 un remate a Juan Cruz que ten\u00eda destino de gol<\/strong>.<\/p>\n","protected":false},"excerpt":{"rendered":"<p>Por la fecha 25 de la Liga Profesional, Independiente super\u00f3 1-0 a Banfield en Avellaneda con gol de Dami\u00e1n Batallini en el segundo tiempo. Esta vez, el VAR jug\u00f3 a favor. Arranc\u00f3 decidido a buscar el primer gol el equipo de Julio Falcioni. Las primeras dos m\u00e1s claras las tuvo Leandro Fern\u00e1ndez -quien volv\u00eda de [&hellip;]<\/p>\n","protected":false},"author":101027,"featured_media":108876,"comment_status":"open","ping_status":"closed","sticky":false,"template":"","format":"standard","meta":{"_links_to":"","_links_to_target":""},"categories":[3247,3],"tags":[677,153,4294,4783,5193,3956],"_links":{"self":[{"href":"https:\/\/www.locoxelrojo.com\/independiente\/wp-json\/wp\/v2\/posts\/108873"}],"collection":[{"href":"https:\/\/www.locoxelrojo.com\/independiente\/wp-json\/wp\/v2\/posts"}],"about":[{"href":"https:\/\/www.locoxelrojo.com\/independiente\/wp-json\/wp\/v2\/types\/post"}],"author":[{"embeddable":true,"href":"https:\/\/www.locoxelrojo.com\/independiente\/wp-json\/wp\/v2\/users\/101027"}],"replies":[{"embeddable":true,"href":"https:\/\/www.locoxelrojo.com\/independiente\/wp-json\/wp\/v2\/comments?post=108873"}],"version-history":[{"count":1,"href":"https:\/\/www.locoxelrojo.com\/independiente\/wp-json\/wp\/v2\/posts\/108873\/revisions"}],"predecessor-version":[{"id":108881,"href":"https:\/\/www.locoxelrojo.com\/independiente\/wp-json\/wp\/v2\/posts\/108873\/revisions\/108881"}],"wp:featuredmedia":[{"embeddable":true,"href":"https:\/\/www.locoxelrojo.com\/independiente\/wp-json\/wp\/v2\/media\/108876"}],"wp:attachment":[{"href":"https:\/\/www.locoxelrojo.com\/independiente\/wp-json\/wp\/v2\/media?parent=108873"}],"wp:term":[{"taxonomy":"category","embeddable":true,"href":"https:\/\/www.locoxelrojo.com\/independiente\/wp-json\/wp\/v2\/categories?post=108873"},{"taxonomy":"post_tag","embeddable":true,"href":"https:\/\/www.locoxelrojo.com\/independiente\/wp-json\/wp\/v2\/tags?post=108873"}],"curies":[{"name":"wp","href":"https:\/\/api.w.org\/{rel}","templated":true}]}}