{"id":109000,"date":"2022-10-21T16:53:30","date_gmt":"2022-10-21T19:53:30","guid":{"rendered":"https:\/\/www.locoxelrojo.com\/independiente\/?p=109000"},"modified":"2022-10-21T16:53:30","modified_gmt":"2022-10-21T19:53:30","slug":"quinteros-se-refirio-a-la-posibilidad-de-dirigir-independiente","status":"publish","type":"post","link":"https:\/\/www.locoxelrojo.com\/independiente\/2022\/10\/21\/quinteros-se-refirio-a-la-posibilidad-de-dirigir-independiente\/","title":{"rendered":"Quinteros se refiri\u00f3 a la posibilidad de dirigir Independiente"},"content":{"rendered":"<p><strong>Gustavo Quinteros<\/strong>, <a href=\"https:\/\/www.locoxelrojo.com\/independiente\/2022\/10\/21\/quinteros-el-plan-a-de-la-dirigencia\/\">principal apuntado por la dirigencia para ser el nuevo DT de Independiente<\/a>, se manifest\u00f3 en conferencia de prensa sobre<strong> la posibilidad de dirigir al Rojo\u00a0y no le cerr\u00f3 las puertas.<\/strong><\/p>\n<p><strong>&#8220;El inter\u00e9s de Independiente me da orgullo, pero por el momento estoy enfocado en Colo Colo. Al finalizar la temporada me juntar\u00e9 con los dirigentes y veremos el proyecto deportivo. Eso puede marcar la diferencia&#8221;<\/strong>, comenz\u00f3 el DT de 57 a\u00f1os.<\/p>\n<p>En la misma l\u00ednea, el t\u00e9cnico argentino se refiri\u00f3 a su situaci\u00f3n contractual con el conjunto chileno: <strong>&#8220;Si el objetivo de ser campeones se da, mi contrato est\u00e1 vigente. Soy entrenador de Colo Colo y este club ser\u00e1 la prioridad. Pero tenemos que construir juntos los objetivos y tener un proyecto deportivo en com\u00fan&#8221;.<\/strong><\/p>\n<p>Sin embargo, <strong>Quintero<\/strong> asegur\u00f3 que ya comenz\u00f3 a planificar el pr\u00f3ximo a\u00f1o en el elenco trasandino: <strong>&#8220;Con Daniel Mor\u00f3n (director deportivo de la instituci\u00f3n) ya tenemos lugar y fecha para pretemporada, se est\u00e1 hablando con jugadores para incorporar, etc. Estamos trabajando en la planificaci\u00f3n para la pr\u00f3xima temporada&#8221;.<\/strong><\/p>\n<p><iframe loading=\"lazy\" title=\"YouTube video player\" src=\"https:\/\/www.youtube.com\/embed\/zetxjzJSCjY\" width=\"560\" height=\"315\" frameborder=\"0\" allowfullscreen=\"allowfullscreen\"><\/iframe><\/p>\n","protected":false},"excerpt":{"rendered":"<p>Gustavo Quinteros, principal apuntado por la dirigencia para ser el nuevo DT de Independiente, se manifest\u00f3 en conferencia de prensa sobre la posibilidad de dirigir al Rojo\u00a0y no le cerr\u00f3 las puertas. &#8220;El inter\u00e9s de Independiente me da orgullo, pero por el momento estoy enfocado en Colo Colo. Al finalizar la temporada me juntar\u00e9 con [&hellip;]<\/p>\n","protected":false},"author":101017,"featured_media":109001,"comment_status":"open","ping_status":"closed","sticky":false,"template":"","format":"standard","meta":{"_links_to":"","_links_to_target":""},"categories":[3280,3247],"tags":[153,678,5267],"_links":{"self":[{"href":"https:\/\/www.locoxelrojo.com\/independiente\/wp-json\/wp\/v2\/posts\/109000"}],"collection":[{"href":"https:\/\/www.locoxelrojo.com\/independiente\/wp-json\/wp\/v2\/posts"}],"about":[{"href":"https:\/\/www.locoxelrojo.com\/independiente\/wp-json\/wp\/v2\/types\/post"}],"author":[{"embeddable":true,"href":"https:\/\/www.locoxelrojo.com\/independiente\/wp-json\/wp\/v2\/users\/101017"}],"replies":[{"embeddable":true,"href":"https:\/\/www.locoxelrojo.com\/independiente\/wp-json\/wp\/v2\/comments?post=109000"}],"version-history":[{"count":3,"href":"https:\/\/www.locoxelrojo.com\/independiente\/wp-json\/wp\/v2\/posts\/109000\/revisions"}],"predecessor-version":[{"id":109008,"href":"https:\/\/www.locoxelrojo.com\/independiente\/wp-json\/wp\/v2\/posts\/109000\/revisions\/109008"}],"wp:featuredmedia":[{"embeddable":true,"href":"https:\/\/www.locoxelrojo.com\/independiente\/wp-json\/wp\/v2\/media\/109001"}],"wp:attachment":[{"href":"https:\/\/www.locoxelrojo.com\/independiente\/wp-json\/wp\/v2\/media?parent=109000"}],"wp:term":[{"taxonomy":"category","embeddable":true,"href":"https:\/\/www.locoxelrojo.com\/independiente\/wp-json\/wp\/v2\/categories?post=109000"},{"taxonomy":"post_tag","embeddable":true,"href":"https:\/\/www.locoxelrojo.com\/independiente\/wp-json\/wp\/v2\/tags?post=109000"}],"curies":[{"name":"wp","href":"https:\/\/api.w.org\/{rel}","templated":true}]}}