{"id":109141,"date":"2022-10-27T17:30:51","date_gmt":"2022-10-27T20:30:51","guid":{"rendered":"https:\/\/www.locoxelrojo.com\/independiente\/?p=109141"},"modified":"2022-10-27T19:59:48","modified_gmt":"2022-10-27T22:59:48","slug":"costa-ojala-pueda-volver-a-independiente","status":"publish","type":"post","link":"https:\/\/www.locoxelrojo.com\/independiente\/2022\/10\/27\/costa-ojala-pueda-volver-a-independiente\/","title":{"rendered":"Costa: &#8220;Ojal\u00e1 pueda volver a Independiente y jugar&#8221;"},"content":{"rendered":"<p><strong>Ayrton Costa analiz\u00f3 su temporada en Platense y manifest\u00f3 su deseo de volver<\/strong> a sumar minutos con la camiseta de <strong>Independiente.<\/strong><\/p>\n<p>El defensor dej\u00f3 en claro sus intenciones para la siguiente temporada:<strong> \u201cMe hizo bien irme a Platense, pude sumar minutos, era lo que me faltaba. Ojal\u00e1 pueda volver a Independiente y jugar, todav\u00eda no me dijeron nada, solo hay rumores\u201d.<\/strong><\/p>\n<p>Luego, explic\u00f3 c\u00f3mo fue adapt\u00e1ndose a distintas posiciones en la cancha: <strong>\u201cEn inferiores jugaba de 3. Cuando sub\u00ed a 4ta., me dijeron que si quer\u00eda jugar en Primera ten\u00eda que hacerlo de central zurdo porque no hab\u00eda. En Platense pens\u00e9 que iba a jugar de central, pero De Felippe me dijo que le gustaba de 3, me dio varios partidos y mucha confianza&#8221;.<\/strong><\/p>\n<p><strong>\u201cMi posici\u00f3n natural es de central, pero quiero jugar de lo que sea en Independiente&#8221;. <\/strong>Adem\u00e1s, agreg\u00f3:<strong> &#8220;Debut\u00e9 en Platense contra Independiente. Despu\u00e9s de ese partido, Eduardo Dom\u00ednguez me felicit\u00f3 y me dijo que siga as\u00ed&#8221;.<\/strong><\/p>\n<p>Por \u00faltimo, Costa analiz\u00f3 el crecimiento que le dio el pr\u00e9stamo al Calamar: <strong>&#8220;El an\u00e1lisis de la temporada es muy positivo, en lo personal me fue muy bien. Irte a pr\u00e9stamo te da experiencia y sum\u00e1s minutos para volver mejor&#8221;.<\/strong><\/p>\n","protected":false},"excerpt":{"rendered":"<p>Ayrton Costa analiz\u00f3 su temporada en Platense y manifest\u00f3 su deseo de volver a sumar minutos con la camiseta de Independiente. El defensor dej\u00f3 en claro sus intenciones para la siguiente temporada: \u201cMe hizo bien irme a Platense, pude sumar minutos, era lo que me faltaba. Ojal\u00e1 pueda volver a Independiente y jugar, todav\u00eda no [&hellip;]<\/p>\n","protected":false},"author":101029,"featured_media":109142,"comment_status":"open","ping_status":"closed","sticky":false,"template":"","format":"standard","meta":{"_links_to":"","_links_to_target":""},"categories":[3280,3247],"tags":[4687,153,2207,2032,3398],"_links":{"self":[{"href":"https:\/\/www.locoxelrojo.com\/independiente\/wp-json\/wp\/v2\/posts\/109141"}],"collection":[{"href":"https:\/\/www.locoxelrojo.com\/independiente\/wp-json\/wp\/v2\/posts"}],"about":[{"href":"https:\/\/www.locoxelrojo.com\/independiente\/wp-json\/wp\/v2\/types\/post"}],"author":[{"embeddable":true,"href":"https:\/\/www.locoxelrojo.com\/independiente\/wp-json\/wp\/v2\/users\/101029"}],"replies":[{"embeddable":true,"href":"https:\/\/www.locoxelrojo.com\/independiente\/wp-json\/wp\/v2\/comments?post=109141"}],"version-history":[{"count":1,"href":"https:\/\/www.locoxelrojo.com\/independiente\/wp-json\/wp\/v2\/posts\/109141\/revisions"}],"predecessor-version":[{"id":109143,"href":"https:\/\/www.locoxelrojo.com\/independiente\/wp-json\/wp\/v2\/posts\/109141\/revisions\/109143"}],"wp:featuredmedia":[{"embeddable":true,"href":"https:\/\/www.locoxelrojo.com\/independiente\/wp-json\/wp\/v2\/media\/109142"}],"wp:attachment":[{"href":"https:\/\/www.locoxelrojo.com\/independiente\/wp-json\/wp\/v2\/media?parent=109141"}],"wp:term":[{"taxonomy":"category","embeddable":true,"href":"https:\/\/www.locoxelrojo.com\/independiente\/wp-json\/wp\/v2\/categories?post=109141"},{"taxonomy":"post_tag","embeddable":true,"href":"https:\/\/www.locoxelrojo.com\/independiente\/wp-json\/wp\/v2\/tags?post=109141"}],"curies":[{"name":"wp","href":"https:\/\/api.w.org\/{rel}","templated":true}]}}