{"id":109220,"date":"2022-11-02T20:17:09","date_gmt":"2022-11-02T23:17:09","guid":{"rendered":"https:\/\/www.locoxelrojo.com\/independiente\/?p=109220"},"modified":"2022-11-02T20:17:09","modified_gmt":"2022-11-02T23:17:09","slug":"el-enojo-de-doman-con-sonora","status":"publish","type":"post","link":"https:\/\/www.locoxelrojo.com\/independiente\/2022\/11\/02\/el-enojo-de-doman-con-sonora\/","title":{"rendered":"El enojo de Doman con So\u00f1ora"},"content":{"rendered":"<p><strong>Fabi\u00e1n Doman expres\u00f3 todo su enojo con Alan So\u00f1ora<\/strong>, <a href=\"https:\/\/www.locoxelrojo.com\/independiente\/2022\/10\/27\/alan-sonora-se-va-de-independiente\/\">que dejar\u00e1 Independiente en condici\u00f3n de libre<\/a>.<\/p>\n<p>Independiente todav\u00eda sigue lamentando la decisi\u00f3n que tom\u00f3 el 10 del Rojo junto a su representante. Si de algo estaba seguro el actual presidente durante la campa\u00f1a era poder lograr la renovaci\u00f3n de su contrato, sin embargo, <strong>eso no ocurrir\u00e1 y el volante se ir\u00e1 con el pase en su poder a jugar a la MLS<\/strong>.<\/p>\n<p><strong>&#8220;Uno los problemas no tiene que hacerlos personales, porque esto es f\u00fatbol y es un negocio, pero si a mi Chiche So\u00f1ora (padre del futbolista) me dec\u00eda que lo ten\u00eda colocado, est\u00e1 todo bien, a mi no me molesta, pero tenernos 2 meses esperando y terminar pidiendo una fortuna de plata, 700.000 d\u00f3lares m\u00e1s un contrato que Independiente no puede pagar, era m\u00e1s f\u00e1cil decir que se lo llevaban libre a la MLS y listo&#8221;<\/strong>, expres\u00f3 en di\u00e1logo con Muy Independiente.<\/p>\n<p><strong>&#8220;Intentamos negociar y poner en el contrato que cualquier cifra que ellos tuvieran para irse libre que lo cobren en una futura venta, pero no quisieron&#8221;<\/strong>, agreg\u00f3. Sin embargo, a pesar de la bronca, mencion\u00f3 algo en favor del futbolista: <strong>&#8220;No puede estar el tema abierto tanto tiempo como estuvo. Los contratos no se negocian 6 o 3 meses antes, ac\u00e1 hubo un error que se repiti\u00f3 en otros casos en la gesti\u00f3n anterior&#8221;<\/strong>.<\/p>\n<p>Y cerr\u00f3: <strong>&#8220;La familia So\u00f1ora s\u00ed tiene su parte de responsabilidad en no haber sido sinceros con nosotros&#8221;<\/strong>.<\/p>\n","protected":false},"excerpt":{"rendered":"<p>Fabi\u00e1n Doman expres\u00f3 todo su enojo con Alan So\u00f1ora, que dejar\u00e1 Independiente en condici\u00f3n de libre. Independiente todav\u00eda sigue lamentando la decisi\u00f3n que tom\u00f3 el 10 del Rojo junto a su representante. Si de algo estaba seguro el actual presidente durante la campa\u00f1a era poder lograr la renovaci\u00f3n de su contrato, sin embargo, eso no [&hellip;]<\/p>\n","protected":false},"author":1,"featured_media":107550,"comment_status":"open","ping_status":"closed","sticky":false,"template":"","format":"standard","meta":{"_links_to":"","_links_to_target":""},"categories":[3280,3247],"tags":[4121,153,5067],"_links":{"self":[{"href":"https:\/\/www.locoxelrojo.com\/independiente\/wp-json\/wp\/v2\/posts\/109220"}],"collection":[{"href":"https:\/\/www.locoxelrojo.com\/independiente\/wp-json\/wp\/v2\/posts"}],"about":[{"href":"https:\/\/www.locoxelrojo.com\/independiente\/wp-json\/wp\/v2\/types\/post"}],"author":[{"embeddable":true,"href":"https:\/\/www.locoxelrojo.com\/independiente\/wp-json\/wp\/v2\/users\/1"}],"replies":[{"embeddable":true,"href":"https:\/\/www.locoxelrojo.com\/independiente\/wp-json\/wp\/v2\/comments?post=109220"}],"version-history":[{"count":2,"href":"https:\/\/www.locoxelrojo.com\/independiente\/wp-json\/wp\/v2\/posts\/109220\/revisions"}],"predecessor-version":[{"id":109222,"href":"https:\/\/www.locoxelrojo.com\/independiente\/wp-json\/wp\/v2\/posts\/109220\/revisions\/109222"}],"wp:featuredmedia":[{"embeddable":true,"href":"https:\/\/www.locoxelrojo.com\/independiente\/wp-json\/wp\/v2\/media\/107550"}],"wp:attachment":[{"href":"https:\/\/www.locoxelrojo.com\/independiente\/wp-json\/wp\/v2\/media?parent=109220"}],"wp:term":[{"taxonomy":"category","embeddable":true,"href":"https:\/\/www.locoxelrojo.com\/independiente\/wp-json\/wp\/v2\/categories?post=109220"},{"taxonomy":"post_tag","embeddable":true,"href":"https:\/\/www.locoxelrojo.com\/independiente\/wp-json\/wp\/v2\/tags?post=109220"}],"curies":[{"name":"wp","href":"https:\/\/api.w.org\/{rel}","templated":true}]}}