{"id":109292,"date":"2022-11-08T18:37:24","date_gmt":"2022-11-08T21:37:24","guid":{"rendered":"https:\/\/www.locoxelrojo.com\/independiente\/?p=109292"},"modified":"2022-11-08T18:37:24","modified_gmt":"2022-11-08T21:37:24","slug":"danza-de-nombres-2","status":"publish","type":"post","link":"https:\/\/www.locoxelrojo.com\/independiente\/2022\/11\/08\/danza-de-nombres-2\/","title":{"rendered":"Danza de nombres"},"content":{"rendered":"<p><strong>Los dirigentes de Independiente contin\u00faan con la b\u00fasqueda de un entrenador<\/strong> ante <a href=\"https:\/\/www.locoxelrojo.com\/independiente\/2022\/11\/07\/quinteros-no-llegara-a-independiente\/\">el no que recibieron por parte de Gustavo Quinteros<\/a>. La danza de nombres comenz\u00f3, con estilos para todos los gustos.<\/p>\n<p>Son varios y cada vez mas los problemas que tiene que atajar Fabi\u00e1n Doman y el resto de la Comisi\u00f3n Directiva. En el f\u00fatbol es la llegada de un nuevo t\u00e9cnico, tal como prometieron en campa\u00f1a. <strong>Adem\u00e1s, <a href=\"https:\/\/www.locoxelrojo.com\/independiente\/2022\/11\/01\/cavallero-la-decision-de-que-falcioni-no-siga-esta-tomada\/\">es sabido que Julio Falcioni no entra en el proyecto futbol\u00edstico<\/a> y, la idea desde un principio, fue interrumpir su contrato y barajar de nuevo con otro al frente del equipo. <\/strong><\/p>\n<p>Quinteros era el de mayor consenso. <strong>Su rechazo provoc\u00f3 varios cimbronazos y desnud\u00f3 la interna de la dirigencia<\/strong>. Cada grupo tiene su posible candidato y a continuaci\u00f3n, te contamos cu\u00e1les comenzaron a sonar.<\/p>\n<p><strong>Pablo Guede:<\/strong> sigue siendo el plan b a Quinteros. Ya hubo varias charlas con Pablo Cavallero y Jorge Damiani, pero no termina de convencer. Est\u00e1 radicado en Espa\u00f1a y duda volver a la Argentina. Dem\u00e1s est\u00e1 decir que la situaci\u00f3n econ\u00f3mica de Independiente puede significar otra traba importante.<\/p>\n<p><strong>Mauricio Pellegrino:<\/strong> ya tuvo un paso por el club y fue otro de los candidatos que pusieron sobre la mesa los dirigentes. Muchos lo conocen, saben de su proyecto, sus ideas y tambi\u00e9n las pretensiones. Trabaj\u00f3 con Cavallero en V\u00e9lez. Busca un oportunidad fuera del pa\u00eds, pero por el momento no se lo descarta y est\u00e1 sin club.<\/p>\n<p><strong>Hermes Desio:<\/strong> fue jugador del club en la d\u00e9cada del 90&#8242;. No tiene experiencia como entrenador en Primera Divisi\u00f3n, pero estuvo en consideraci\u00f3n para ser m\u00e1nager. Adem\u00e1s, durante la campa\u00f1a tuvo charlas con Fabi\u00e1n Doman y Juan Marconi para saber su visi\u00f3n del club. Trabaj\u00f3 en Estudiantes, fue Coordinador General de Inferiores de la AFA y ayudante de campo en Pumas de M\u00e9xico.<\/p>\n<p><strong>Gustavo Mun\u00faa:<\/strong> la idea de Uni\u00f3n es que contin\u00fae en el cargo y est\u00e1n buscando la renovaci\u00f3n. En Independiente gusta su idea y creen que encaja dentro del proyecto. El contrato con el Tatengue finaliza en diciembre y, hasta el momento, solo hubo contacto entre el Rojo y su representante para tantear el terreno.<\/p>\n<p><strong>Facundo Sava:<\/strong> el nombre se tir\u00f3 en la mesa por su presente. Viene de ser campe\u00f3n de la Copa Argentina con Patronato, tapando la injusticia de su descenso. Lo que mostr\u00f3 en sus equipos encaja con lo que busca la dirigencia.<\/p>\n","protected":false},"excerpt":{"rendered":"<p>Los dirigentes de Independiente contin\u00faan con la b\u00fasqueda de un entrenador ante el no que recibieron por parte de Gustavo Quinteros. La danza de nombres comenz\u00f3, con estilos para todos los gustos. Son varios y cada vez mas los problemas que tiene que atajar Fabi\u00e1n Doman y el resto de la Comisi\u00f3n Directiva. En el [&hellip;]<\/p>\n","protected":false},"author":1,"featured_media":109293,"comment_status":"open","ping_status":"closed","sticky":false,"template":"","format":"standard","meta":{"_links_to":"","_links_to_target":""},"categories":[3280,3247],"tags":[153,5067,2078,5281,2164,2166,3718],"_links":{"self":[{"href":"https:\/\/www.locoxelrojo.com\/independiente\/wp-json\/wp\/v2\/posts\/109292"}],"collection":[{"href":"https:\/\/www.locoxelrojo.com\/independiente\/wp-json\/wp\/v2\/posts"}],"about":[{"href":"https:\/\/www.locoxelrojo.com\/independiente\/wp-json\/wp\/v2\/types\/post"}],"author":[{"embeddable":true,"href":"https:\/\/www.locoxelrojo.com\/independiente\/wp-json\/wp\/v2\/users\/1"}],"replies":[{"embeddable":true,"href":"https:\/\/www.locoxelrojo.com\/independiente\/wp-json\/wp\/v2\/comments?post=109292"}],"version-history":[{"count":1,"href":"https:\/\/www.locoxelrojo.com\/independiente\/wp-json\/wp\/v2\/posts\/109292\/revisions"}],"predecessor-version":[{"id":109294,"href":"https:\/\/www.locoxelrojo.com\/independiente\/wp-json\/wp\/v2\/posts\/109292\/revisions\/109294"}],"wp:featuredmedia":[{"embeddable":true,"href":"https:\/\/www.locoxelrojo.com\/independiente\/wp-json\/wp\/v2\/media\/109293"}],"wp:attachment":[{"href":"https:\/\/www.locoxelrojo.com\/independiente\/wp-json\/wp\/v2\/media?parent=109292"}],"wp:term":[{"taxonomy":"category","embeddable":true,"href":"https:\/\/www.locoxelrojo.com\/independiente\/wp-json\/wp\/v2\/categories?post=109292"},{"taxonomy":"post_tag","embeddable":true,"href":"https:\/\/www.locoxelrojo.com\/independiente\/wp-json\/wp\/v2\/tags?post=109292"}],"curies":[{"name":"wp","href":"https:\/\/api.w.org\/{rel}","templated":true}]}}