{"id":109295,"date":"2022-11-08T21:23:56","date_gmt":"2022-11-09T00:23:56","guid":{"rendered":"https:\/\/www.locoxelrojo.com\/independiente\/?p=109295"},"modified":"2022-11-08T21:23:56","modified_gmt":"2022-11-09T00:23:56","slug":"desio-me-gustaria-dirigir-a-independiente","status":"publish","type":"post","link":"https:\/\/www.locoxelrojo.com\/independiente\/2022\/11\/08\/desio-me-gustaria-dirigir-a-independiente\/","title":{"rendered":"Desio: &#8220;Me gustar\u00eda dirigir a Independiente porque es mi casa&#8221;"},"content":{"rendered":"<p>Luego de que se conociera la <a href=\"https:\/\/www.locoxelrojo.com\/independiente\/2022\/11\/07\/quinteros-no-llegara-a-independiente\/\">decisi\u00f3n final de Gustavo Quinteros<\/a>, circularon <a href=\"https:\/\/www.locoxelrojo.com\/independiente\/2022\/11\/08\/danza-de-nombres-2\/\">muchos nombres para ocupar el puesto de entrenador en Independiente<\/a>. <strong>Uno de ellos es Hermes Desio, campe\u00f3n del Clausura y de la Supercopa en 1994<\/strong> con la camiseta del Rojo.<\/p>\n<p>En di\u00e1logo con Radio Del Plata, confes\u00f3: <strong>\u201cMe gustar\u00eda dirigir a Independiente porque es mi casa y soy hincha desde chico. Despu\u00e9s de toda la experiencia vivida me considero preparado para ser director t\u00e9cnico\u201d.<\/strong><\/p>\n<p><strong>\u201cTeniendo en cuenta el plantel actual, el desaf\u00edo ser\u00eda m\u00e1s lindo todav\u00eda, porque habr\u00eda que poner al club donde debe estar. Habl\u00e9 con Juan Marconi y Fabi\u00e1n Doman antes de las elecciones, para intercambiar opiniones y decirles algunas cosas que ve\u00eda. Siempre voy a estar abierto a participar y tirar ideas\u201d<\/strong>, manifest\u00f3 Desio.<\/p>\n<p>Por \u00faltimo, el ex coordinador general de las selecciones juveniles de AFA le brind\u00f3 apoyo a Julio C\u00e9sar Falcioni: <strong>\u201cDesconoc\u00eda que <a href=\"https:\/\/www.locoxelrojo.com\/independiente\/2022\/11\/08\/tiene-chances-de-seguir-falcioni\/\">Julio ten\u00eda la posibilidad de continuar<\/a>. Lo trajeron para sacar puntos y obtener resultados, y lo logr\u00f3, si le dan otra oportunidad no me parecer\u00eda mal\u201d.<\/strong><\/p>\n","protected":false},"excerpt":{"rendered":"<p>Luego de que se conociera la decisi\u00f3n final de Gustavo Quinteros, circularon muchos nombres para ocupar el puesto de entrenador en Independiente. Uno de ellos es Hermes Desio, campe\u00f3n del Clausura y de la Supercopa en 1994 con la camiseta del Rojo. En di\u00e1logo con Radio Del Plata, confes\u00f3: \u201cMe gustar\u00eda dirigir a Independiente porque [&hellip;]<\/p>\n","protected":false},"author":101029,"featured_media":109301,"comment_status":"open","ping_status":"closed","sticky":false,"template":"","format":"standard","meta":{"_links_to":"","_links_to_target":""},"categories":[3280,3247],"tags":[153,5067,2164,385],"_links":{"self":[{"href":"https:\/\/www.locoxelrojo.com\/independiente\/wp-json\/wp\/v2\/posts\/109295"}],"collection":[{"href":"https:\/\/www.locoxelrojo.com\/independiente\/wp-json\/wp\/v2\/posts"}],"about":[{"href":"https:\/\/www.locoxelrojo.com\/independiente\/wp-json\/wp\/v2\/types\/post"}],"author":[{"embeddable":true,"href":"https:\/\/www.locoxelrojo.com\/independiente\/wp-json\/wp\/v2\/users\/101029"}],"replies":[{"embeddable":true,"href":"https:\/\/www.locoxelrojo.com\/independiente\/wp-json\/wp\/v2\/comments?post=109295"}],"version-history":[{"count":3,"href":"https:\/\/www.locoxelrojo.com\/independiente\/wp-json\/wp\/v2\/posts\/109295\/revisions"}],"predecessor-version":[{"id":109302,"href":"https:\/\/www.locoxelrojo.com\/independiente\/wp-json\/wp\/v2\/posts\/109295\/revisions\/109302"}],"wp:featuredmedia":[{"embeddable":true,"href":"https:\/\/www.locoxelrojo.com\/independiente\/wp-json\/wp\/v2\/media\/109301"}],"wp:attachment":[{"href":"https:\/\/www.locoxelrojo.com\/independiente\/wp-json\/wp\/v2\/media?parent=109295"}],"wp:term":[{"taxonomy":"category","embeddable":true,"href":"https:\/\/www.locoxelrojo.com\/independiente\/wp-json\/wp\/v2\/categories?post=109295"},{"taxonomy":"post_tag","embeddable":true,"href":"https:\/\/www.locoxelrojo.com\/independiente\/wp-json\/wp\/v2\/tags?post=109295"}],"curies":[{"name":"wp","href":"https:\/\/api.w.org\/{rel}","templated":true}]}}