{"id":109309,"date":"2022-11-09T15:48:22","date_gmt":"2022-11-09T18:48:22","guid":{"rendered":"https:\/\/www.locoxelrojo.com\/independiente\/?p=109309"},"modified":"2022-11-09T20:10:27","modified_gmt":"2022-11-09T23:10:27","slug":"la-incertidumbre-de-benegas-le-renuevan-o-se-va","status":"publish","type":"post","link":"https:\/\/www.locoxelrojo.com\/independiente\/2022\/11\/09\/la-incertidumbre-de-benegas-le-renuevan-o-se-va\/","title":{"rendered":"La incertidumbre de Benegas: \u00bfle renuevan o se va?"},"content":{"rendered":"<p>El contrato de <strong>Leandro Benegas<\/strong> se termina a fin de a\u00f1o y el delantero no tiene precisiones sobre su continuidad, pero espera llegar a un acuerdo para quedarse en Independiente.<\/p>\n<p><strong>&#8220;Tengo contrato hasta el 31 de diciembre. Hay que ver qu\u00e9 decisi\u00f3n toma la dirigencia y si el t\u00e9cnico quiere contar conmigo. No tuve otras ofertas por ahora. La semana pasada habl\u00e9 con mi representante pero todo viene muy lento por el tema del Mundial&#8221;<\/strong>, coment\u00f3 el Tanque.<\/p>\n<p><strong>&#8220;El 30 tengo que presentarme a entrenar y ah\u00ed ver qu\u00e9 posibilidades puedo tener en Independiente. Est\u00e1 todo muy verde como para dar una noticia ahora&#8221;<\/strong>, a\u00f1adi\u00f3 con una incertidumbre total.<\/p>\n<p>En caso de arreglar su renovaci\u00f3n, tambi\u00e9n habr\u00e1 que definir el salario del jugador. Seg\u00fan sus propias palabras, cobra menos que el resto del plantel. <strong>&#8220;Hay que ver si tienen ganas de que siga. Cuando llegu\u00e9, no lo hice con un contrato de los que est\u00e1 acostumbrado Independiente, es bajo. Habr\u00e1 que volver a hablar sobre eso y ver qu\u00e9 ganas tienen&#8221;<\/strong>, explic\u00f3.<\/p>\n<p>Por otro lado, hizo un an\u00e1lisis de su paso por el Rojo y su regreso al f\u00fatbol argentino despu\u00e9s de 10 a\u00f1os de carrera en Chile. <strong>&#8220;El balance es m\u00e1s que positivo. Llegar y empezar a ponerse la camiseta de Independiente no es f\u00e1cil. Trat\u00e9 de adaptarme lo m\u00e1s r\u00e1pido posible y aportar en lo que me tocaba. Siento que lo hice bien. Hice varios goles y pude jugar varios partidos. Me quedo con un gusto m\u00e1s que dulce por este a\u00f1o&#8221;<\/strong>, opin\u00f3 en charla con <em>Muy Independiente<\/em>.<\/p>\n","protected":false},"excerpt":{"rendered":"<p>El contrato de Leandro Benegas se termina a fin de a\u00f1o y el delantero no tiene precisiones sobre su continuidad, pero espera llegar a un acuerdo para quedarse en Independiente. &#8220;Tengo contrato hasta el 31 de diciembre. Hay que ver qu\u00e9 decisi\u00f3n toma la dirigencia y si el t\u00e9cnico quiere contar conmigo. No tuve otras [&hellip;]<\/p>\n","protected":false},"author":8,"featured_media":106039,"comment_status":"open","ping_status":"closed","sticky":false,"template":"","format":"standard","meta":{"_links_to":"","_links_to_target":""},"categories":[3280,3247],"tags":[153,5128],"_links":{"self":[{"href":"https:\/\/www.locoxelrojo.com\/independiente\/wp-json\/wp\/v2\/posts\/109309"}],"collection":[{"href":"https:\/\/www.locoxelrojo.com\/independiente\/wp-json\/wp\/v2\/posts"}],"about":[{"href":"https:\/\/www.locoxelrojo.com\/independiente\/wp-json\/wp\/v2\/types\/post"}],"author":[{"embeddable":true,"href":"https:\/\/www.locoxelrojo.com\/independiente\/wp-json\/wp\/v2\/users\/8"}],"replies":[{"embeddable":true,"href":"https:\/\/www.locoxelrojo.com\/independiente\/wp-json\/wp\/v2\/comments?post=109309"}],"version-history":[{"count":3,"href":"https:\/\/www.locoxelrojo.com\/independiente\/wp-json\/wp\/v2\/posts\/109309\/revisions"}],"predecessor-version":[{"id":109312,"href":"https:\/\/www.locoxelrojo.com\/independiente\/wp-json\/wp\/v2\/posts\/109309\/revisions\/109312"}],"wp:featuredmedia":[{"embeddable":true,"href":"https:\/\/www.locoxelrojo.com\/independiente\/wp-json\/wp\/v2\/media\/106039"}],"wp:attachment":[{"href":"https:\/\/www.locoxelrojo.com\/independiente\/wp-json\/wp\/v2\/media?parent=109309"}],"wp:term":[{"taxonomy":"category","embeddable":true,"href":"https:\/\/www.locoxelrojo.com\/independiente\/wp-json\/wp\/v2\/categories?post=109309"},{"taxonomy":"post_tag","embeddable":true,"href":"https:\/\/www.locoxelrojo.com\/independiente\/wp-json\/wp\/v2\/tags?post=109309"}],"curies":[{"name":"wp","href":"https:\/\/api.w.org\/{rel}","templated":true}]}}