{"id":109603,"date":"2022-11-28T15:45:39","date_gmt":"2022-11-28T18:45:39","guid":{"rendered":"https:\/\/www.locoxelrojo.com\/independiente\/?p=109603"},"modified":"2022-11-28T16:36:20","modified_gmt":"2022-11-28T19:36:20","slug":"stillitano-y-el-armado-del-plantel","status":"publish","type":"post","link":"https:\/\/www.locoxelrojo.com\/independiente\/2022\/11\/28\/stillitano-y-el-armado-del-plantel\/","title":{"rendered":"El armado del plantel: \u00bfQu\u00e9 piensa Stillitano?"},"content":{"rendered":"<p>De cara al 2023, <strong>Independiente contin\u00faa con muchas situaciones por resolver<\/strong> en cuanto al armado del plantel profesional. <strong>Leandro Stillitano<\/strong>, flamante entrenador del Rojo, <strong>se expres\u00f3 sobre esta situaci\u00f3n.<\/strong><\/p>\n<p><strong>\u201cNo queremos traer por traer, si no buscar lo que necesitamos. Yo quisiera entrenar con dos jugadores por puesto. En unos d\u00edas vamos a tener un panorama m\u00e1s amplio\u201d<\/strong>, aclar\u00f3 en di\u00e1logo con Muy Independiente.<\/p>\n<p>Luego, se refiri\u00f3 a la situaci\u00f3n de Alan So\u00f1ora: <strong>\u201cQuisiera hablar en persona para ver qu\u00e9 siente y qu\u00e9 quiere, estando cara a cara te das cuenta lo que la otra persona busca. Sabemos que hoy en d\u00eda, desde lo econ\u00f3mico, es dif\u00edcil competir con pa\u00edses que futbol\u00edsticamente son inferiores\u201d.<\/strong><\/p>\n<p>Sobre una <a href=\"https:\/\/www.locoxelrojo.com\/independiente\/2022\/11\/18\/esta-vez-si\/\">posible vuelta de Federico Mancuello<\/a>, se mostr\u00f3 esperanzado: <strong>\u201cSer\u00eda muy importante desde lo deportivo y desde lo extra deportivo tambi\u00e9n, \u00e9l tiene un sentido de pertenencia grande. Lo he visto en Puebla y s\u00e9 que tiene un nivel muy bueno\u201d.<\/strong><\/p>\n<p>Otra de las situaciones a resolver es la de Facundo Ferreyra: <strong>\u201cHabl\u00f3 conmigo y me sorprendieron gratamente muchas cosas de \u00e9l. Quiere revertir la situaci\u00f3n y es un jugador con el que cualquier entrenador quisiera contar\u201d.<\/strong><\/p>\n<p><strong>\u201cMe gustar\u00eda contar con M\u00e1rquez porque conozco sus condiciones\u201d<\/strong>, sentenci\u00f3 sobre la continuidad del Chila.<\/p>\n<p>Adem\u00e1s, Stillitano agreg\u00f3: <strong>\u201cDe mi anterior paso conozco a algunos jugadores y tengo vistos a los chicos que jugaban en inferiores. No va a ser un problema el tema de la edad, la idea es que los m\u00e1s grandes siempre ayuden a los chicos a terminar de formarse\u201d.<\/strong><\/p>\n","protected":false},"excerpt":{"rendered":"<p>De cara al 2023, Independiente contin\u00faa con muchas situaciones por resolver en cuanto al armado del plantel profesional. Leandro Stillitano, flamante entrenador del Rojo, se expres\u00f3 sobre esta situaci\u00f3n. \u201cNo queremos traer por traer, si no buscar lo que necesitamos. Yo quisiera entrenar con dos jugadores por puesto. En unos d\u00edas vamos a tener un [&hellip;]<\/p>\n","protected":false},"author":101029,"featured_media":109604,"comment_status":"open","ping_status":"closed","sticky":false,"template":"","format":"standard","meta":{"_links_to":"","_links_to_target":""},"categories":[3247,3],"tags":[4121,153,1093,48,4092,4050],"_links":{"self":[{"href":"https:\/\/www.locoxelrojo.com\/independiente\/wp-json\/wp\/v2\/posts\/109603"}],"collection":[{"href":"https:\/\/www.locoxelrojo.com\/independiente\/wp-json\/wp\/v2\/posts"}],"about":[{"href":"https:\/\/www.locoxelrojo.com\/independiente\/wp-json\/wp\/v2\/types\/post"}],"author":[{"embeddable":true,"href":"https:\/\/www.locoxelrojo.com\/independiente\/wp-json\/wp\/v2\/users\/101029"}],"replies":[{"embeddable":true,"href":"https:\/\/www.locoxelrojo.com\/independiente\/wp-json\/wp\/v2\/comments?post=109603"}],"version-history":[{"count":1,"href":"https:\/\/www.locoxelrojo.com\/independiente\/wp-json\/wp\/v2\/posts\/109603\/revisions"}],"predecessor-version":[{"id":109606,"href":"https:\/\/www.locoxelrojo.com\/independiente\/wp-json\/wp\/v2\/posts\/109603\/revisions\/109606"}],"wp:featuredmedia":[{"embeddable":true,"href":"https:\/\/www.locoxelrojo.com\/independiente\/wp-json\/wp\/v2\/media\/109604"}],"wp:attachment":[{"href":"https:\/\/www.locoxelrojo.com\/independiente\/wp-json\/wp\/v2\/media?parent=109603"}],"wp:term":[{"taxonomy":"category","embeddable":true,"href":"https:\/\/www.locoxelrojo.com\/independiente\/wp-json\/wp\/v2\/categories?post=109603"},{"taxonomy":"post_tag","embeddable":true,"href":"https:\/\/www.locoxelrojo.com\/independiente\/wp-json\/wp\/v2\/tags?post=109603"}],"curies":[{"name":"wp","href":"https:\/\/api.w.org\/{rel}","templated":true}]}}